{"id":289,"date":"2020-03-23T22:04:21","date_gmt":"2020-03-23T22:04:21","guid":{"rendered":"http:\/\/panoramatv.com.do\/?p=289"},"modified":"2020-03-23T22:04:26","modified_gmt":"2020-03-23T22:04:26","slug":"pide-acatar-recomendacion-de-oms","status":"publish","type":"post","link":"https:\/\/panoramatv.com.do\/index.php\/2020\/03\/23\/pide-acatar-recomendacion-de-oms\/","title":{"rendered":"Pide acatar recomendaci\u00f3n de OMS"},"content":{"rendered":"\n<p>SANTO DOMINGO.- El candidato presidencial Luis Abinader sugiri\u00f3 esta noche al gobierno disponer pruebas gratuitas y masivas para detectar a tiempo el contagio del coronavirus o COVI-19 en la poblaci\u00f3n.<\/p>\n\n\n\n<p>En un mensaje a trav\u00e9s de Twitter, el economista y l\u00edder pol\u00edtico recuerda que la &nbsp;Organizaci\u00f3n Mundial de la Salud ha recomendado que todos los pa\u00edses realicen dichas pruebas, &nbsp;como mejor forma de contener el contagio del virus.<\/p>\n","protected":false},"excerpt":{"rendered":"<p>SANTO DOMINGO.- El candidato presidencial Luis Abinader sugiri\u00f3 esta noche al gobierno disponer pruebas gratuitas y masivas para detectar a tiempo el contagio del coronavirus o COVI-19 en la poblaci\u00f3n. En un mensaje a trav\u00e9s de Twitter, el economista y l\u00edder pol\u00edtico recuerda que la &nbsp;Organizaci\u00f3n Mundial de la Salud ha recomendado que todos los [&hellip;]<\/p>\n","protected":false},"author":1,"featured_media":290,"comment_status":"open","ping_status":"open","sticky":false,"template":"","format":"standard","meta":{"_jetpack_memberships_contains_paid_content":false,"footnotes":"","jetpack_publicize_message":"","jetpack_publicize_feature_enabled":true,"jetpack_social_post_already_shared":false,"jetpack_social_options":{"image_generator_settings":{"template":"highway","enabled":false}}},"categories":[7],"tags":[],"class_list":["post-289","post","type-post","status-publish","format-standard","has-post-thumbnail","hentry","category-panorama-politico"],"jetpack_publicize_connections":[],"jetpack_sharing_enabled":true,"jetpack_featured_media_url":"https:\/\/images.panoramatv.com.do\/wp-content\/uploads\/2020\/03\/Abinader-llama-a-votar-temprano-y-a-rechazar-22prebendas-oportunistas22.jpg","jetpack_likes_enabled":true,"jetpack-related-posts":[],"_links":{"self":[{"href":"https:\/\/panoramatv.com.do\/index.php\/wp-json\/wp\/v2\/posts\/289"}],"collection":[{"href":"https:\/\/panoramatv.com.do\/index.php\/wp-json\/wp\/v2\/posts"}],"about":[{"href":"https:\/\/panoramatv.com.do\/index.php\/wp-json\/wp\/v2\/types\/post"}],"author":[{"embeddable":true,"href":"https:\/\/panoramatv.com.do\/index.php\/wp-json\/wp\/v2\/users\/1"}],"replies":[{"embeddable":true,"href":"https:\/\/panoramatv.com.do\/index.php\/wp-json\/wp\/v2\/comments?post=289"}],"version-history":[{"count":0,"href":"https:\/\/panoramatv.com.do\/index.php\/wp-json\/wp\/v2\/posts\/289\/revisions"}],"wp:featuredmedia":[{"embeddable":true,"href":"https:\/\/panoramatv.com.do\/index.php\/wp-json\/wp\/v2\/media\/290"}],"wp:attachment":[{"href":"https:\/\/panoramatv.com.do\/index.php\/wp-json\/wp\/v2\/media?parent=289"}],"wp:term":[{"taxonomy":"category","embeddable":true,"href":"https:\/\/panoramatv.com.do\/index.php\/wp-json\/wp\/v2\/categories?post=289"},{"taxonomy":"post_tag","embeddable":true,"href":"https:\/\/panoramatv.com.do\/index.php\/wp-json\/wp\/v2\/tags?post=289"}],"curies":[{"name":"wp","href":"https:\/\/api.w.org\/{rel}","templated":true}]}}