{"id":286,"date":"2020-03-23T22:01:50","date_gmt":"2020-03-23T22:01:50","guid":{"rendered":"http:\/\/panoramatv.com.do\/?p=286"},"modified":"2020-03-23T22:01:54","modified_gmt":"2020-03-23T22:01:54","slug":"pide-evitar-situacion-derive-en-crisis","status":"publish","type":"post","link":"https:\/\/panoramatv.com.do\/index.php\/2020\/03\/23\/pide-evitar-situacion-derive-en-crisis\/","title":{"rendered":"Pide evitar situaci\u00f3n derive en crisis"},"content":{"rendered":"\n<p>SANTO DOMINGO.- El presidente de Alianza Pa\u00eds (ALPAIS), Guillermo Moreno, dijo este domingo que el Gobierno debe evitar que la pandemia del coronavirus derive en una crisis social en la Rep\u00fablica Dominicana.<\/p>\n\n\n\n<p>En un video publicado en las redes sociales, Moreno esboz\u00f3 medidas de prevenci\u00f3n que, a su juicio, son necesarias para evitar la propagaci\u00f3n del COVID-19, que justo este domingo aument\u00f3 su cifra a 202 casos positivos en nuestro pa\u00eds.<\/p>\n\n\n\n<p>Calific\u00f3 de necesario el aumento del presupuesto de salud para garantizar equipos, materiales y contrataci\u00f3n del personal m\u00e9dico ante la crisis.<\/p>\n\n\n\n<p>Consider\u00f3 que el costo de la prueba de laboratorio debe ser asumido por el gobierno y sugiri\u00f3 la habilitaci\u00f3n de centros regionales que permitan la detecci\u00f3n de casos sospechosos y realizaci\u00f3n de dicho an\u00e1lisis.<\/p>\n\n\n\n<p>Apel\u00f3 al apoyo del Estado en la creaci\u00f3n de mecanismos de entrega gratuita de medicamentos a la poblaci\u00f3n afectada, y adem\u00e1s a empresas que puedan concentrarse en la producci\u00f3n de mascarillas, guantes, gorros, jab\u00f3n, para distribuci\u00f3n masiva.<\/p>\n","protected":false},"excerpt":{"rendered":"<p>SANTO DOMINGO.- El presidente de Alianza Pa\u00eds (ALPAIS), Guillermo Moreno, dijo este domingo que el Gobierno debe evitar que la pandemia del coronavirus derive en una crisis social en la Rep\u00fablica Dominicana. En un video publicado en las redes sociales, Moreno esboz\u00f3 medidas de prevenci\u00f3n que, a su juicio, son necesarias para evitar la propagaci\u00f3n [&hellip;]<\/p>\n","protected":false},"author":1,"featured_media":287,"comment_status":"open","ping_status":"open","sticky":false,"template":"","format":"standard","meta":{"_jetpack_memberships_contains_paid_content":false,"footnotes":"","jetpack_publicize_message":"","jetpack_publicize_feature_enabled":true,"jetpack_social_post_already_shared":false,"jetpack_social_options":{"image_generator_settings":{"template":"highway","enabled":false}}},"categories":[7],"tags":[],"class_list":["post-286","post","type-post","status-publish","format-standard","has-post-thumbnail","hentry","category-panorama-politico"],"jetpack_publicize_connections":[],"jetpack_sharing_enabled":true,"jetpack_featured_media_url":"https:\/\/images.panoramatv.com.do\/wp-content\/uploads\/2020\/03\/Guillermo-Moreno-Gobierno-debe-evitar-pandemia-coronavirus-derive-en-crisis-social-..jpg","jetpack_likes_enabled":true,"jetpack-related-posts":[],"_links":{"self":[{"href":"https:\/\/panoramatv.com.do\/index.php\/wp-json\/wp\/v2\/posts\/286"}],"collection":[{"href":"https:\/\/panoramatv.com.do\/index.php\/wp-json\/wp\/v2\/posts"}],"about":[{"href":"https:\/\/panoramatv.com.do\/index.php\/wp-json\/wp\/v2\/types\/post"}],"author":[{"embeddable":true,"href":"https:\/\/panoramatv.com.do\/index.php\/wp-json\/wp\/v2\/users\/1"}],"replies":[{"embeddable":true,"href":"https:\/\/panoramatv.com.do\/index.php\/wp-json\/wp\/v2\/comments?post=286"}],"version-history":[{"count":0,"href":"https:\/\/panoramatv.com.do\/index.php\/wp-json\/wp\/v2\/posts\/286\/revisions"}],"wp:featuredmedia":[{"embeddable":true,"href":"https:\/\/panoramatv.com.do\/index.php\/wp-json\/wp\/v2\/media\/287"}],"wp:attachment":[{"href":"https:\/\/panoramatv.com.do\/index.php\/wp-json\/wp\/v2\/media?parent=286"}],"wp:term":[{"taxonomy":"category","embeddable":true,"href":"https:\/\/panoramatv.com.do\/index.php\/wp-json\/wp\/v2\/categories?post=286"},{"taxonomy":"post_tag","embeddable":true,"href":"https:\/\/panoramatv.com.do\/index.php\/wp-json\/wp\/v2\/tags?post=286"}],"curies":[{"name":"wp","href":"https:\/\/api.w.org\/{rel}","templated":true}]}}