{"id":283,"date":"2020-03-23T22:00:07","date_gmt":"2020-03-23T22:00:07","guid":{"rendered":"http:\/\/panoramatv.com.do\/?p=283"},"modified":"2020-03-23T22:00:18","modified_gmt":"2020-03-23T22:00:18","slug":"jce-concluye-conteo-de-votos-de-las-elecciones-municipales-dominicanas","status":"publish","type":"post","link":"https:\/\/panoramatv.com.do\/index.php\/2020\/03\/23\/jce-concluye-conteo-de-votos-de-las-elecciones-municipales-dominicanas\/","title":{"rendered":"JCE concluye conteo de votos de las elecciones municipales dominicanas"},"content":{"rendered":"\n<p>SANTO DOMINGO.- La Junta Central Electoral (JCE) finaliz\u00f3 este viernes el conteo de los votos correspondientes a las elecciones municipales extraordinarias del pasado 15 de este mes.<br>Solo 3,678,134 personas (un 49.13%) de los 7.487.40 inscritos, ejercieron su derecho al voto. De ese total, 179,261 fueron nulos, mientras 1,680 fueron observados.<\/p>\n\n\n\n<p>El m\u00e1s favorecido del electorado fue el opositor Partido Revolucionario Moderno (PRM) y aliados, que obtuvo 81 (51.26%) de las 158 alcald\u00edas en disputa, entre ellas el Distrito Nacional, cuya candidata Carolina Mej\u00eda result\u00f3 electa con el 57.46% de los 352,670 votos v\u00e1lidos emitidos.<\/p>\n\n\n\n<p>El oficialista Partido de la Liberaci\u00f3n Dominicana (PLD), logr\u00f3 65, para un 41.13%.<\/p>\n\n\n\n<figure><iframe width=\"300\" height=\"250\" allowfullscreen=\"true\"><\/iframe><\/figure>\n\n\n\n<p>El Partido Reformista Social Cristiano (PRSC) gan\u00f3 7 demarcaciones para un 4.43% y el PRD solo 3 para un 1.89%.<br>El Partido Bloque Institucional Social Dem\u00f3crata (BIS) y el Partido Popular Cristiano (PPC) lograron un municipio cada uno, con el 0.63% de los votos v\u00e1lidos, respectivamente.<\/p>\n","protected":false},"excerpt":{"rendered":"<p>SANTO DOMINGO.- La Junta Central Electoral (JCE) finaliz\u00f3 este viernes el conteo de los votos correspondientes a las elecciones municipales extraordinarias del pasado 15 de este mes.Solo 3,678,134 personas (un 49.13%) de los 7.487.40 inscritos, ejercieron su derecho al voto. De ese total, 179,261 fueron nulos, mientras 1,680 fueron observados. El m\u00e1s favorecido del electorado [&hellip;]<\/p>\n","protected":false},"author":1,"featured_media":284,"comment_status":"open","ping_status":"open","sticky":false,"template":"","format":"standard","meta":{"_jetpack_memberships_contains_paid_content":false,"footnotes":"","jetpack_publicize_message":"","jetpack_publicize_feature_enabled":true,"jetpack_social_post_already_shared":false,"jetpack_social_options":{"image_generator_settings":{"template":"highway","enabled":false}}},"categories":[7],"tags":[],"class_list":["post-283","post","type-post","status-publish","format-standard","has-post-thumbnail","hentry","category-panorama-politico"],"jetpack_publicize_connections":[],"jetpack_sharing_enabled":true,"jetpack_featured_media_url":"https:\/\/images.panoramatv.com.do\/wp-content\/uploads\/2020\/03\/mapaelecciones.jpg","jetpack_likes_enabled":true,"jetpack-related-posts":[],"_links":{"self":[{"href":"https:\/\/panoramatv.com.do\/index.php\/wp-json\/wp\/v2\/posts\/283"}],"collection":[{"href":"https:\/\/panoramatv.com.do\/index.php\/wp-json\/wp\/v2\/posts"}],"about":[{"href":"https:\/\/panoramatv.com.do\/index.php\/wp-json\/wp\/v2\/types\/post"}],"author":[{"embeddable":true,"href":"https:\/\/panoramatv.com.do\/index.php\/wp-json\/wp\/v2\/users\/1"}],"replies":[{"embeddable":true,"href":"https:\/\/panoramatv.com.do\/index.php\/wp-json\/wp\/v2\/comments?post=283"}],"version-history":[{"count":0,"href":"https:\/\/panoramatv.com.do\/index.php\/wp-json\/wp\/v2\/posts\/283\/revisions"}],"wp:featuredmedia":[{"embeddable":true,"href":"https:\/\/panoramatv.com.do\/index.php\/wp-json\/wp\/v2\/media\/284"}],"wp:attachment":[{"href":"https:\/\/panoramatv.com.do\/index.php\/wp-json\/wp\/v2\/media?parent=283"}],"wp:term":[{"taxonomy":"category","embeddable":true,"href":"https:\/\/panoramatv.com.do\/index.php\/wp-json\/wp\/v2\/categories?post=283"},{"taxonomy":"post_tag","embeddable":true,"href":"https:\/\/panoramatv.com.do\/index.php\/wp-json\/wp\/v2\/tags?post=283"}],"curies":[{"name":"wp","href":"https:\/\/api.w.org\/{rel}","templated":true}]}}