{"id":2763,"date":"2020-12-25T17:54:18","date_gmt":"2020-12-25T21:54:18","guid":{"rendered":"https:\/\/panoramatv.com.do\/?p=2763"},"modified":"2020-12-25T17:57:11","modified_gmt":"2020-12-25T21:57:11","slug":"trastorno-afectivo-bipolar","status":"publish","type":"post","link":"https:\/\/panoramatv.com.do\/index.php\/2020\/12\/25\/trastorno-afectivo-bipolar\/","title":{"rendered":"TRASTORNO AFECTIVO BIPOLAR"},"content":{"rendered":"\n<p>El trastorno afectivo bipolar afecta tanto el&nbsp;<strong>estado de \u00e1nimo<\/strong>&nbsp;como la conducta. La persona que padece de trastorno afectivo bipolar pasa por estados emocionales extremos, que van desde la energ\u00eda excesiva y la&nbsp;<strong>euforia<\/strong>&nbsp;hasta la&nbsp;<a href=\"https:\/\/www.bupasalud.com\/contenido\/salud-bienestar\/vida-bupa\/depresi%C3%B3n-en-ni%C3%B1os-j%C3%B3venes\" target=\"_blank\" rel=\"noreferrer noopener\"><strong>depresi\u00f3n<\/strong><\/a>&nbsp;y los pensamientos suicidas. Sus estados de \u00e1nimo cambian bruscamente de un extremo a otro.<\/p>\n\n\n\n<p>El trastorno afectivo bipolar afecta a uno de cada 100 adultos en alg\u00fan momento en la vida. Asimismo, afecta con mayor frecuencia a las personas entre 15 y 25 a\u00f1os de edad, y tanto a hombres como a mujeres.<\/p>\n\n\n\n<h3 class=\"wp-block-heading\"><strong>Tipos de trastorno afectivo bipolar<\/strong><\/h3>\n\n\n\n<p>Si padeces de trastorno afectivo bipolar, puede ser que se te diagnostique un tipo determinado de dicha afecci\u00f3n.<\/p>\n\n\n\n<ul class=\"wp-block-list\"><li>Si experimentas un episodio de \u00e1nimo elevado seguido de depresi\u00f3n, es posible que se te diagnostique&nbsp;<strong>trastorno afectivo bipolar tipo 1<\/strong>.<\/li><\/ul>\n\n\n\n<ul class=\"wp-block-list\"><li>Si experimentas episodios depresivos seguidos de un episodio man\u00edaco m\u00e1s leve (hipoman\u00eda), es posible que se te diagnostique&nbsp;<strong>trastorno afectivo bipolar tipo 2.<\/strong><\/li><\/ul>\n\n\n\n<ul class=\"wp-block-list\"><li>Si tu estado an\u00edmico cambia r\u00e1pidamente de la man\u00eda a la depresi\u00f3n, y luego de nuevo a la man\u00eda, es posible que se te diagnostique&nbsp;<strong>trastorno afectivo bipolar de ciclo r\u00e1pido.<\/strong><\/li><\/ul>\n\n\n\n<figure class=\"wp-block-gallery columns-2 is-cropped wp-block-gallery-1 is-layout-flex wp-block-gallery-is-layout-flex\"><ul class=\"blocks-gallery-grid\"><li class=\"blocks-gallery-item\"><figure><img decoding=\"async\" src=\"https:\/\/images.panoramatv.com.do\/wp-content\/uploads\/2020\/12\/Trastorno-bipolar.jpg\" alt=\"\" data-id=\"2764\" data-full-url=\"https:\/\/images.panoramatv.com.do\/wp-content\/uploads\/2020\/12\/Trastorno-bipolar.jpg\" data-link=\"https:\/\/panoramatv.com.do\/?attachment_id=2764\" class=\"wp-image-2764\"\/><\/figure><\/li><li class=\"blocks-gallery-item\"><figure><img decoding=\"async\" src=\"https:\/\/images.panoramatv.com.do\/wp-content\/uploads\/2020\/12\/transtorno-afectivo-bipolar.jpg\" alt=\"\" data-id=\"2765\" data-full-url=\"https:\/\/images.panoramatv.com.do\/wp-content\/uploads\/2020\/12\/transtorno-afectivo-bipolar.jpg\" data-link=\"https:\/\/panoramatv.com.do\/?attachment_id=2765\" class=\"wp-image-2765\"\/><\/figure><\/li><\/ul><\/figure>\n","protected":false},"excerpt":{"rendered":"<p>El trastorno afectivo bipolar afecta tanto el&nbsp;estado de \u00e1nimo&nbsp;como la conducta. La persona que padece de trastorno afectivo bipolar pasa por estados emocionales extremos, que van desde la energ\u00eda excesiva y la&nbsp;euforia&nbsp;hasta la&nbsp;depresi\u00f3n&nbsp;y los pensamientos suicidas. Sus estados de \u00e1nimo cambian bruscamente de un extremo a otro. El trastorno afectivo bipolar afecta a uno de [&hellip;]<\/p>\n","protected":false},"author":1,"featured_media":2765,"comment_status":"open","ping_status":"open","sticky":false,"template":"","format":"standard","meta":{"_jetpack_memberships_contains_paid_content":false,"footnotes":"","jetpack_publicize_message":"","jetpack_publicize_feature_enabled":true,"jetpack_social_post_already_shared":true,"jetpack_social_options":{"image_generator_settings":{"template":"highway","enabled":false}}},"categories":[8],"tags":[535],"class_list":["post-2763","post","type-post","status-publish","format-standard","has-post-thumbnail","hentry","category-panorama-de-salud","tag-trastorno"],"jetpack_publicize_connections":[],"jetpack_sharing_enabled":true,"jetpack_featured_media_url":"https:\/\/images.panoramatv.com.do\/wp-content\/uploads\/2020\/12\/transtorno-afectivo-bipolar.jpg","jetpack_likes_enabled":true,"jetpack-related-posts":[],"_links":{"self":[{"href":"https:\/\/panoramatv.com.do\/index.php\/wp-json\/wp\/v2\/posts\/2763"}],"collection":[{"href":"https:\/\/panoramatv.com.do\/index.php\/wp-json\/wp\/v2\/posts"}],"about":[{"href":"https:\/\/panoramatv.com.do\/index.php\/wp-json\/wp\/v2\/types\/post"}],"author":[{"embeddable":true,"href":"https:\/\/panoramatv.com.do\/index.php\/wp-json\/wp\/v2\/users\/1"}],"replies":[{"embeddable":true,"href":"https:\/\/panoramatv.com.do\/index.php\/wp-json\/wp\/v2\/comments?post=2763"}],"version-history":[{"count":0,"href":"https:\/\/panoramatv.com.do\/index.php\/wp-json\/wp\/v2\/posts\/2763\/revisions"}],"wp:featuredmedia":[{"embeddable":true,"href":"https:\/\/panoramatv.com.do\/index.php\/wp-json\/wp\/v2\/media\/2765"}],"wp:attachment":[{"href":"https:\/\/panoramatv.com.do\/index.php\/wp-json\/wp\/v2\/media?parent=2763"}],"wp:term":[{"taxonomy":"category","embeddable":true,"href":"https:\/\/panoramatv.com.do\/index.php\/wp-json\/wp\/v2\/categories?post=2763"},{"taxonomy":"post_tag","embeddable":true,"href":"https:\/\/panoramatv.com.do\/index.php\/wp-json\/wp\/v2\/tags?post=2763"}],"curies":[{"name":"wp","href":"https:\/\/api.w.org\/{rel}","templated":true}]}}