{"id":21513,"date":"2026-09-04T10:47:34","date_gmt":"2026-09-04T14:47:34","guid":{"rendered":"https:\/\/panoramatv.com.do\/?p=21513"},"modified":"2026-09-04T10:47:36","modified_gmt":"2026-09-04T14:47:36","slug":"mescyt-llama-a-empresarios-a-fortalecer-capital-humano-mediante-becas-y-investigacion-cientifica","status":"publish","type":"post","link":"https:\/\/panoramatv.com.do\/index.php\/2026\/09\/04\/mescyt-llama-a-empresarios-a-fortalecer-capital-humano-mediante-becas-y-investigacion-cientifica\/","title":{"rendered":"MESCyT llama a empresarios a fortalecer capital humano mediante becas y investigaci\u00f3n cient\u00edfica"},"content":{"rendered":"\n<p class=\"wp-block-paragraph\">Santo Domingo.\u2013 El ministro de Educaci\u00f3n Superior, Ciencia y Tecnolog\u00eda (MESCyT), Rafael Santos Bad\u00eda, llam\u00f3 al sector empresarial dominicano a aumentar su inversi\u00f3n en la formaci\u00f3n de capital humano mediante becas, programas de investigaci\u00f3n e iniciativas de innovaci\u00f3n.<\/p>\n\n\n\n<p class=\"wp-block-paragraph\">El funcionario destac\u00f3 que una educaci\u00f3n de calidad es una de las principales v\u00edas para impulsar el desarrollo econ\u00f3mico y social del pa\u00eds, al generar mayores oportunidades de movilidad social y preparar profesionales para las nuevas demandas del mercado laboral y tecnol\u00f3gico.<\/p>\n\n\n\n<p class=\"wp-block-paragraph\">Santos Bad\u00eda valor\u00f3 el aporte de Humano Seguros, que otorg\u00f3 20 becas a estudiantes de excelencia para cursar carreras de alta demanda en INTEC, UNAPEC, PUCMM, UNIBE y UNPHU, universidades integrantes de la RUNED.<\/p>\n\n\n\n<p class=\"wp-block-paragraph\">Asimismo, plante\u00f3 que miles de empresas podr\u00edan sumarse a este tipo de iniciativas, al considerar la educaci\u00f3n como una inversi\u00f3n estrat\u00e9gica que contribuye a fortalecer la productividad, la innovaci\u00f3n y el desarrollo de la Rep\u00fablica Dominicana.<\/p>\n\n\n\n<figure class=\"wp-block-gallery has-nested-images columns-default is-cropped wp-block-gallery-1 is-layout-flex wp-block-gallery-is-layout-flex\">\n<figure class=\"wp-block-image size-large\"><img loading=\"lazy\" decoding=\"async\" width=\"1600\" height=\"899\" data-id=\"21515\" src=\"https:\/\/images.panoramatv.com.do\/wp-content\/uploads\/2026\/09\/2d032a6a-5ed6-4edd-b773-86170a3029e4.jpg\" alt=\"\" class=\"wp-image-21515\"\/><\/figure>\n\n\n\n<figure class=\"wp-block-image size-large\"><img loading=\"lazy\" decoding=\"async\" width=\"1600\" height=\"934\" data-id=\"21514\" src=\"https:\/\/images.panoramatv.com.do\/wp-content\/uploads\/2026\/09\/04c17f53-5b79-4bfb-a87c-97ec99bec6c0.jpg\" alt=\"\" class=\"wp-image-21514\"\/><\/figure>\n<\/figure>\n","protected":false},"excerpt":{"rendered":"<p>Santo Domingo.\u2013 El ministro de Educaci\u00f3n Superior, Ciencia y Tecnolog\u00eda (MESCyT), Rafael Santos Bad\u00eda, llam\u00f3 al sector empresarial dominicano a aumentar su inversi\u00f3n en la formaci\u00f3n de capital humano mediante becas, programas de investigaci\u00f3n e iniciativas de innovaci\u00f3n. El funcionario destac\u00f3 que una educaci\u00f3n de calidad es una de las principales v\u00edas para impulsar el [&hellip;]<\/p>\n","protected":false},"author":1,"featured_media":21515,"comment_status":"open","ping_status":"open","sticky":false,"template":"","format":"standard","meta":{"_jetpack_memberships_contains_paid_content":false,"footnotes":"","jetpack_publicize_message":"","jetpack_publicize_feature_enabled":true,"jetpack_social_post_already_shared":true,"jetpack_social_options":{"image_generator_settings":{"template":"highway","enabled":false}}},"categories":[2794],"tags":[577,1615],"class_list":["post-21513","post","type-post","status-publish","format-standard","has-post-thumbnail","hentry","category-educacion","tag-becas","tag-educacion-superior"],"jetpack_publicize_connections":[],"jetpack_sharing_enabled":true,"jetpack_featured_media_url":"https:\/\/images.panoramatv.com.do\/wp-content\/uploads\/2026\/09\/2d032a6a-5ed6-4edd-b773-86170a3029e4.jpg","jetpack_likes_enabled":true,"jetpack-related-posts":[],"_links":{"self":[{"href":"https:\/\/panoramatv.com.do\/index.php\/wp-json\/wp\/v2\/posts\/21513","targetHints":{"allow":["GET"]}}],"collection":[{"href":"https:\/\/panoramatv.com.do\/index.php\/wp-json\/wp\/v2\/posts"}],"about":[{"href":"https:\/\/panoramatv.com.do\/index.php\/wp-json\/wp\/v2\/types\/post"}],"author":[{"embeddable":true,"href":"https:\/\/panoramatv.com.do\/index.php\/wp-json\/wp\/v2\/users\/1"}],"replies":[{"embeddable":true,"href":"https:\/\/panoramatv.com.do\/index.php\/wp-json\/wp\/v2\/comments?post=21513"}],"version-history":[{"count":1,"href":"https:\/\/panoramatv.com.do\/index.php\/wp-json\/wp\/v2\/posts\/21513\/revisions"}],"predecessor-version":[{"id":21516,"href":"https:\/\/panoramatv.com.do\/index.php\/wp-json\/wp\/v2\/posts\/21513\/revisions\/21516"}],"wp:featuredmedia":[{"embeddable":true,"href":"https:\/\/panoramatv.com.do\/index.php\/wp-json\/wp\/v2\/media\/21515"}],"wp:attachment":[{"href":"https:\/\/panoramatv.com.do\/index.php\/wp-json\/wp\/v2\/media?parent=21513"}],"wp:term":[{"taxonomy":"category","embeddable":true,"href":"https:\/\/panoramatv.com.do\/index.php\/wp-json\/wp\/v2\/categories?post=21513"},{"taxonomy":"post_tag","embeddable":true,"href":"https:\/\/panoramatv.com.do\/index.php\/wp-json\/wp\/v2\/tags?post=21513"}],"curies":[{"name":"wp","href":"https:\/\/api.w.org\/{rel}","templated":true}]}}