{"id":21505,"date":"2026-09-04T10:34:30","date_gmt":"2026-09-04T14:34:30","guid":{"rendered":"https:\/\/panoramatv.com.do\/?p=21505"},"modified":"2026-09-04T10:34:31","modified_gmt":"2026-09-04T14:34:31","slug":"itla-otorga-118-becas-de-educacion-superior-con-inversion-de-rd11-millones","status":"publish","type":"post","link":"https:\/\/panoramatv.com.do\/index.php\/2026\/09\/04\/itla-otorga-118-becas-de-educacion-superior-con-inversion-de-rd11-millones\/","title":{"rendered":"ITLA otorga 118 becas de educaci\u00f3n superior con inversi\u00f3n de RD$11 millones"},"content":{"rendered":"\n<p class=\"wp-block-paragraph\"><strong>Santo Domingo, Rep\u00fablica Dominicana.<\/strong> \u2013 El Instituto Tecnol\u00f3gico de Las Am\u00e9ricas (ITLA) otorg\u00f3 118 becas de Educaci\u00f3n Superior durante su segunda convocatoria de 2026, con una inversi\u00f3n institucional de <strong>RD$11 millones<\/strong>, para beneficiar a j\u00f3venes interesados en carreras tecnol\u00f3gicas de alta demanda.<\/p>\n\n\n\n<p class=\"wp-block-paragraph\">Durante el acto, el vicerrector Acad\u00e9mico, Fabrizio Cabrera, destac\u00f3 el compromiso del ITLA con ampliar el acceso a la educaci\u00f3n superior tecnol\u00f3gica y preparar nuevos talentos para responder a las necesidades del mercado laboral.<\/p>\n\n\n\n<p class=\"wp-block-paragraph\">Cabrera resalt\u00f3 adem\u00e1s la participaci\u00f3n femenina, al se\u00f1alar que <strong>m\u00e1s del 47 % de los beneficiarios son mujeres<\/strong>, lo que evidencia el creciente inter\u00e9s de las j\u00f3venes por formarse en \u00e1reas de Ciencia, Tecnolog\u00eda, Ingenier\u00eda y Matem\u00e1ticas (STEM).<\/p>\n\n\n\n<p class=\"wp-block-paragraph\">Las becas est\u00e1n dirigidas a programas como <strong>Desarrollo de Software, Multimedia y Seguridad Inform\u00e1tica<\/strong>, entre otras carreras estrat\u00e9gicas. El ITLA destac\u00f3 que estas iniciativas contribuyen a ampliar las oportunidades educativas y fortalecer el talento vinculado con la transformaci\u00f3n tecnol\u00f3gica y productiva del pa\u00eds.<\/p>\n\n\n\n<figure class=\"wp-block-gallery aligncenter has-nested-images columns-default is-cropped wp-block-gallery-1 is-layout-flex wp-block-gallery-is-layout-flex\">\n<figure class=\"wp-block-image size-large\"><img loading=\"lazy\" decoding=\"async\" width=\"1600\" height=\"1066\" data-id=\"21506\" src=\"https:\/\/images.panoramatv.com.do\/wp-content\/uploads\/2026\/09\/21452e6a-3540-459e-8368-7181a322aec8.jpg\" alt=\"\" class=\"wp-image-21506\"\/><\/figure>\n\n\n\n<figure class=\"wp-block-image size-large\"><img loading=\"lazy\" decoding=\"async\" width=\"1600\" height=\"1066\" data-id=\"21507\" src=\"https:\/\/images.panoramatv.com.do\/wp-content\/uploads\/2026\/09\/c41764a5-8384-4190-81a5-c7c61fbbf9aa.jpg\" alt=\"\" class=\"wp-image-21507\"\/><\/figure>\n<\/figure>\n","protected":false},"excerpt":{"rendered":"<p>Santo Domingo, Rep\u00fablica Dominicana. \u2013 El Instituto Tecnol\u00f3gico de Las Am\u00e9ricas (ITLA) otorg\u00f3 118 becas de Educaci\u00f3n Superior durante su segunda convocatoria de 2026, con una inversi\u00f3n institucional de RD$11 millones, para beneficiar a j\u00f3venes interesados en carreras tecnol\u00f3gicas de alta demanda. Durante el acto, el vicerrector Acad\u00e9mico, Fabrizio Cabrera, destac\u00f3 el compromiso del ITLA [&hellip;]<\/p>\n","protected":false},"author":1,"featured_media":21507,"comment_status":"open","ping_status":"open","sticky":false,"template":"","format":"standard","meta":{"_jetpack_memberships_contains_paid_content":false,"footnotes":"","jetpack_publicize_message":"","jetpack_publicize_feature_enabled":true,"jetpack_social_post_already_shared":true,"jetpack_social_options":{"image_generator_settings":{"template":"highway","enabled":false}}},"categories":[2794],"tags":[1615,250],"class_list":["post-21505","post","type-post","status-publish","format-standard","has-post-thumbnail","hentry","category-educacion","tag-educacion-superior","tag-itla"],"jetpack_publicize_connections":[],"jetpack_sharing_enabled":true,"jetpack_featured_media_url":"https:\/\/images.panoramatv.com.do\/wp-content\/uploads\/2026\/09\/c41764a5-8384-4190-81a5-c7c61fbbf9aa.jpg","jetpack_likes_enabled":true,"jetpack-related-posts":[],"_links":{"self":[{"href":"https:\/\/panoramatv.com.do\/index.php\/wp-json\/wp\/v2\/posts\/21505","targetHints":{"allow":["GET"]}}],"collection":[{"href":"https:\/\/panoramatv.com.do\/index.php\/wp-json\/wp\/v2\/posts"}],"about":[{"href":"https:\/\/panoramatv.com.do\/index.php\/wp-json\/wp\/v2\/types\/post"}],"author":[{"embeddable":true,"href":"https:\/\/panoramatv.com.do\/index.php\/wp-json\/wp\/v2\/users\/1"}],"replies":[{"embeddable":true,"href":"https:\/\/panoramatv.com.do\/index.php\/wp-json\/wp\/v2\/comments?post=21505"}],"version-history":[{"count":1,"href":"https:\/\/panoramatv.com.do\/index.php\/wp-json\/wp\/v2\/posts\/21505\/revisions"}],"predecessor-version":[{"id":21508,"href":"https:\/\/panoramatv.com.do\/index.php\/wp-json\/wp\/v2\/posts\/21505\/revisions\/21508"}],"wp:featuredmedia":[{"embeddable":true,"href":"https:\/\/panoramatv.com.do\/index.php\/wp-json\/wp\/v2\/media\/21507"}],"wp:attachment":[{"href":"https:\/\/panoramatv.com.do\/index.php\/wp-json\/wp\/v2\/media?parent=21505"}],"wp:term":[{"taxonomy":"category","embeddable":true,"href":"https:\/\/panoramatv.com.do\/index.php\/wp-json\/wp\/v2\/categories?post=21505"},{"taxonomy":"post_tag","embeddable":true,"href":"https:\/\/panoramatv.com.do\/index.php\/wp-json\/wp\/v2\/tags?post=21505"}],"curies":[{"name":"wp","href":"https:\/\/api.w.org\/{rel}","templated":true}]}}