{"id":21501,"date":"2026-09-04T10:31:52","date_gmt":"2026-09-04T14:31:52","guid":{"rendered":"https:\/\/panoramatv.com.do\/?p=21501"},"modified":"2026-09-04T10:31:53","modified_gmt":"2026-09-04T14:31:53","slug":"empresarias-destacan-formacion-tecnico-profesional-como-clave-para-el-desarrollo-laboral","status":"publish","type":"post","link":"https:\/\/panoramatv.com.do\/index.php\/2026\/09\/04\/empresarias-destacan-formacion-tecnico-profesional-como-clave-para-el-desarrollo-laboral\/","title":{"rendered":"Empresarias destacan formaci\u00f3n t\u00e9cnico-profesional como clave para el desarrollo laboral"},"content":{"rendered":"\n<p class=\"wp-block-paragraph\"><strong>B\u00e1varo, La Altagracia.<\/strong> \u2013 La formaci\u00f3n t\u00e9cnico-profesional representa una oportunidad estrat\u00e9gica para responder a las necesidades de talento del sector productivo y ampliar las posibilidades de inserci\u00f3n y crecimiento laboral, coincidieron las empresarias Ligia Bonetti y Mercedes Ramos durante un panel del 23.\u00ba Congreso de la Junta Agroempresarial Dominicana (JAD).<\/p>\n\n\n\n<p class=\"wp-block-paragraph\">Bonetti, presidenta ejecutiva del Grupo SID, resalt\u00f3 la importancia de vincular la capacitaci\u00f3n con los procesos y requerimientos de las empresas, para que los trabajadores comprendan c\u00f3mo funciona la organizaci\u00f3n y el impacto de sus funciones.<\/p>\n\n\n\n<p class=\"wp-block-paragraph\">En ese sentido, destac\u00f3 la alianza de m\u00e1s de 17 a\u00f1os entre Grupo SID y el Instituto Nacional de Formaci\u00f3n T\u00e9cnico Profesional (INFOTEP), mediante la cual m\u00e1s de 300 colaboradores han participado en programas de capacitaci\u00f3n.<\/p>\n\n\n\n<p class=\"wp-block-paragraph\">La ejecutiva tambi\u00e9n subray\u00f3 la necesidad de mantener una formaci\u00f3n permanente entre los m\u00e1s de 5,000 colaboradores de la empresa, promoviendo el desarrollo de nuevas competencias y oportunidades profesionales, m\u00e1s all\u00e1 de los resultados organizacionales.<\/p>\n\n\n\n<figure class=\"wp-block-gallery has-nested-images columns-default is-cropped wp-block-gallery-1 is-layout-flex wp-block-gallery-is-layout-flex\">\n<figure class=\"wp-block-image size-large\"><img loading=\"lazy\" decoding=\"async\" width=\"1600\" height=\"1066\" data-id=\"21502\" src=\"https:\/\/images.panoramatv.com.do\/wp-content\/uploads\/2026\/09\/51a85ed1-29fd-4623-af8b-274e65504744.jpg\" alt=\"\" class=\"wp-image-21502\"\/><\/figure>\n\n\n\n<figure class=\"wp-block-image size-large\"><img loading=\"lazy\" decoding=\"async\" width=\"1600\" height=\"1066\" data-id=\"21503\" src=\"https:\/\/images.panoramatv.com.do\/wp-content\/uploads\/2026\/09\/1fa6583b-8d1b-4044-afc1-b53cdc067f10.jpg\" alt=\"\" class=\"wp-image-21503\"\/><\/figure>\n<\/figure>\n","protected":false},"excerpt":{"rendered":"<p>B\u00e1varo, La Altagracia. \u2013 La formaci\u00f3n t\u00e9cnico-profesional representa una oportunidad estrat\u00e9gica para responder a las necesidades de talento del sector productivo y ampliar las posibilidades de inserci\u00f3n y crecimiento laboral, coincidieron las empresarias Ligia Bonetti y Mercedes Ramos durante un panel del 23.\u00ba Congreso de la Junta Agroempresarial Dominicana (JAD). Bonetti, presidenta ejecutiva del Grupo [&hellip;]<\/p>\n","protected":false},"author":1,"featured_media":21503,"comment_status":"open","ping_status":"open","sticky":false,"template":"","format":"standard","meta":{"_jetpack_memberships_contains_paid_content":false,"footnotes":"","jetpack_publicize_message":"","jetpack_publicize_feature_enabled":true,"jetpack_social_post_already_shared":true,"jetpack_social_options":{"image_generator_settings":{"template":"highway","enabled":false}}},"categories":[3028],"tags":[2384,140],"class_list":["post-21501","post","type-post","status-publish","format-standard","has-post-thumbnail","hentry","category-capacitacion","tag-formacion-tecnica","tag-infotep"],"jetpack_publicize_connections":[],"jetpack_sharing_enabled":true,"jetpack_featured_media_url":"https:\/\/images.panoramatv.com.do\/wp-content\/uploads\/2026\/09\/1fa6583b-8d1b-4044-afc1-b53cdc067f10.jpg","jetpack_likes_enabled":true,"jetpack-related-posts":[],"_links":{"self":[{"href":"https:\/\/panoramatv.com.do\/index.php\/wp-json\/wp\/v2\/posts\/21501","targetHints":{"allow":["GET"]}}],"collection":[{"href":"https:\/\/panoramatv.com.do\/index.php\/wp-json\/wp\/v2\/posts"}],"about":[{"href":"https:\/\/panoramatv.com.do\/index.php\/wp-json\/wp\/v2\/types\/post"}],"author":[{"embeddable":true,"href":"https:\/\/panoramatv.com.do\/index.php\/wp-json\/wp\/v2\/users\/1"}],"replies":[{"embeddable":true,"href":"https:\/\/panoramatv.com.do\/index.php\/wp-json\/wp\/v2\/comments?post=21501"}],"version-history":[{"count":1,"href":"https:\/\/panoramatv.com.do\/index.php\/wp-json\/wp\/v2\/posts\/21501\/revisions"}],"predecessor-version":[{"id":21504,"href":"https:\/\/panoramatv.com.do\/index.php\/wp-json\/wp\/v2\/posts\/21501\/revisions\/21504"}],"wp:featuredmedia":[{"embeddable":true,"href":"https:\/\/panoramatv.com.do\/index.php\/wp-json\/wp\/v2\/media\/21503"}],"wp:attachment":[{"href":"https:\/\/panoramatv.com.do\/index.php\/wp-json\/wp\/v2\/media?parent=21501"}],"wp:term":[{"taxonomy":"category","embeddable":true,"href":"https:\/\/panoramatv.com.do\/index.php\/wp-json\/wp\/v2\/categories?post=21501"},{"taxonomy":"post_tag","embeddable":true,"href":"https:\/\/panoramatv.com.do\/index.php\/wp-json\/wp\/v2\/tags?post=21501"}],"curies":[{"name":"wp","href":"https:\/\/api.w.org\/{rel}","templated":true}]}}