{"id":21495,"date":"2026-09-04T10:28:02","date_gmt":"2026-09-04T14:28:02","guid":{"rendered":"https:\/\/panoramatv.com.do\/?p=21495"},"modified":"2026-09-04T10:28:04","modified_gmt":"2026-09-04T14:28:04","slug":"gabinete-de-politica-social-registra-mas-de-444-mil-atenciones-entre-enero-y-agosto","status":"publish","type":"post","link":"https:\/\/panoramatv.com.do\/index.php\/2026\/09\/04\/gabinete-de-politica-social-registra-mas-de-444-mil-atenciones-entre-enero-y-agosto\/","title":{"rendered":"Gabinete de Pol\u00edtica Social registra m\u00e1s de 444 mil atenciones entre enero y agosto"},"content":{"rendered":"\n<p class=\"wp-block-paragraph\"><strong>Santo Domingo.<\/strong> \u2013 La gesti\u00f3n encabezada por la coordinadora del Gabinete de Pol\u00edtica Social, Dra. Geanilda V\u00e1squez, contin\u00faa fortaleciendo la atenci\u00f3n ciudadana mediante servicios m\u00e1s eficientes, accesibles y apoyados en herramientas tecnol\u00f3gicas.<\/p>\n\n\n\n<p class=\"wp-block-paragraph\">Entre enero y agosto de 2026, la Ventanilla \u00danica de los Servicios Sociales (VUSS) gestion\u00f3 103,172 tr\u00e1mites y atendi\u00f3 341,326 consultas, para un total de 444,498 atenciones. Adem\u00e1s, se registraron 97,653 interacciones a trav\u00e9s de *462, PS Info, correos institucionales, servicios en l\u00ednea y el ChatBot Mar\u00eda.<\/p>\n\n\n\n<p class=\"wp-block-paragraph\">La instituci\u00f3n alcanz\u00f3 un <strong>96.13 % de satisfacci\u00f3n ciudadana<\/strong>, seg\u00fan 3,627 encuestas realizadas entre enero y julio en coordinaci\u00f3n con el Ministerio de Administraci\u00f3n P\u00fablica (MAP), el nivel m\u00e1s alto registrado por el Gabinete conforme a los datos disponibles.<\/p>\n\n\n\n<p class=\"wp-block-paragraph\">Asimismo, la VUSS logr\u00f3 un <strong>90.1 % de cumplimiento<\/strong> de los tiempos establecidos en los acuerdos de nivel de servicio, reflejando una gesti\u00f3n orientada a resultados, la mejora continua y una atenci\u00f3n centrada en las necesidades de la ciudadan\u00eda.<\/p>\n\n\n<div class=\"wp-block-image\">\n<figure class=\"aligncenter size-full\"><img loading=\"lazy\" decoding=\"async\" width=\"1349\" height=\"899\" src=\"https:\/\/images.panoramatv.com.do\/wp-content\/uploads\/2026\/09\/SEDFSAD.jpg\" alt=\"\" class=\"wp-image-21496\"\/><\/figure>\n<\/div>","protected":false},"excerpt":{"rendered":"<p>Santo Domingo. \u2013 La gesti\u00f3n encabezada por la coordinadora del Gabinete de Pol\u00edtica Social, Dra. Geanilda V\u00e1squez, contin\u00faa fortaleciendo la atenci\u00f3n ciudadana mediante servicios m\u00e1s eficientes, accesibles y apoyados en herramientas tecnol\u00f3gicas. Entre enero y agosto de 2026, la Ventanilla \u00danica de los Servicios Sociales (VUSS) gestion\u00f3 103,172 tr\u00e1mites y atendi\u00f3 341,326 consultas, para un [&hellip;]<\/p>\n","protected":false},"author":1,"featured_media":21496,"comment_status":"open","ping_status":"open","sticky":false,"template":"","format":"standard","meta":{"_jetpack_memberships_contains_paid_content":false,"footnotes":"","jetpack_publicize_message":"","jetpack_publicize_feature_enabled":true,"jetpack_social_post_already_shared":true,"jetpack_social_options":{"image_generator_settings":{"template":"highway","enabled":false}}},"categories":[2799],"tags":[3742,3787],"class_list":["post-21495","post","type-post","status-publish","format-standard","has-post-thumbnail","hentry","category-gabinete-politicas-sociales","tag-geanilda-vasquez","tag-ventanilla-unica-de-servicios-sociales"],"jetpack_publicize_connections":[],"jetpack_sharing_enabled":true,"jetpack_featured_media_url":"https:\/\/images.panoramatv.com.do\/wp-content\/uploads\/2026\/09\/SEDFSAD.jpg","jetpack_likes_enabled":true,"jetpack-related-posts":[],"_links":{"self":[{"href":"https:\/\/panoramatv.com.do\/index.php\/wp-json\/wp\/v2\/posts\/21495","targetHints":{"allow":["GET"]}}],"collection":[{"href":"https:\/\/panoramatv.com.do\/index.php\/wp-json\/wp\/v2\/posts"}],"about":[{"href":"https:\/\/panoramatv.com.do\/index.php\/wp-json\/wp\/v2\/types\/post"}],"author":[{"embeddable":true,"href":"https:\/\/panoramatv.com.do\/index.php\/wp-json\/wp\/v2\/users\/1"}],"replies":[{"embeddable":true,"href":"https:\/\/panoramatv.com.do\/index.php\/wp-json\/wp\/v2\/comments?post=21495"}],"version-history":[{"count":1,"href":"https:\/\/panoramatv.com.do\/index.php\/wp-json\/wp\/v2\/posts\/21495\/revisions"}],"predecessor-version":[{"id":21497,"href":"https:\/\/panoramatv.com.do\/index.php\/wp-json\/wp\/v2\/posts\/21495\/revisions\/21497"}],"wp:featuredmedia":[{"embeddable":true,"href":"https:\/\/panoramatv.com.do\/index.php\/wp-json\/wp\/v2\/media\/21496"}],"wp:attachment":[{"href":"https:\/\/panoramatv.com.do\/index.php\/wp-json\/wp\/v2\/media?parent=21495"}],"wp:term":[{"taxonomy":"category","embeddable":true,"href":"https:\/\/panoramatv.com.do\/index.php\/wp-json\/wp\/v2\/categories?post=21495"},{"taxonomy":"post_tag","embeddable":true,"href":"https:\/\/panoramatv.com.do\/index.php\/wp-json\/wp\/v2\/tags?post=21495"}],"curies":[{"name":"wp","href":"https:\/\/api.w.org\/{rel}","templated":true}]}}