{"id":21492,"date":"2026-09-04T10:20:57","date_gmt":"2026-09-04T14:20:57","guid":{"rendered":"https:\/\/panoramatv.com.do\/?p=21492"},"modified":"2026-09-04T10:20:58","modified_gmt":"2026-09-04T14:20:58","slug":"indotel-pone-a-disposicion-de-la-ciudadania-borrador-de-nueva-ley-general-de-telecomunicaciones","status":"publish","type":"post","link":"https:\/\/panoramatv.com.do\/index.php\/2026\/09\/04\/indotel-pone-a-disposicion-de-la-ciudadania-borrador-de-nueva-ley-general-de-telecomunicaciones\/","title":{"rendered":"Indotel pone a disposici\u00f3n de la ciudadan\u00eda borrador de nueva Ley General de Telecomunicaciones"},"content":{"rendered":"\n<p class=\"wp-block-paragraph\"><strong>Santo Domingo.<\/strong> \u2013 El Instituto Dominicano de las Telecomunicaciones (Indotel) puso a disposici\u00f3n de la ciudadan\u00eda el borrador del proyecto de Ley General de Telecomunicaciones, Infraestructura Digital y Conectividad, con el prop\u00f3sito de recibir aportes de los distintos sectores antes de su eventual presentaci\u00f3n ante el Congreso Nacional.<\/p>\n\n\n\n<p class=\"wp-block-paragraph\">La propuesta plantea una actualizaci\u00f3n integral del marco jur\u00eddico vigente para responder a los avances tecnol\u00f3gicos y fortalecer la competencia, el despliegue de infraestructura, la gesti\u00f3n del espectro radioel\u00e9ctrico, la conectividad, la protecci\u00f3n de los usuarios y la ciberseguridad.<\/p>\n\n\n\n<p class=\"wp-block-paragraph\">Entre las medidas contempladas figura la creaci\u00f3n de una ventanilla \u00fanica electr\u00f3nica para agilizar los permisos de infraestructura, as\u00ed como mecanismos para promover la compartici\u00f3n de redes y facilidades esenciales cuando sea t\u00e9cnica y econ\u00f3micamente viable.<\/p>\n\n\n\n<p class=\"wp-block-paragraph\">El Indotel inform\u00f3 que el borrador ser\u00e1 discutido con operadores, usuarios, acad\u00e9micos, expertos, emprendedores y organizaciones de la sociedad civil. El presidente del Consejo Directivo, Guido G\u00f3mez Mazara, tambi\u00e9n llev\u00f3 la propuesta a la Consultor\u00eda Jur\u00eddica del Poder Ejecutivo para su revisi\u00f3n antes de remitirla al Congreso Nacional.<\/p>\n\n\n<div class=\"wp-block-image\">\n<figure class=\"aligncenter size-full\"><img loading=\"lazy\" decoding=\"async\" width=\"1284\" height=\"826\" src=\"https:\/\/images.panoramatv.com.do\/wp-content\/uploads\/2026\/09\/sdfdf.jpg\" alt=\"\" class=\"wp-image-21493\"\/><figcaption class=\"wp-element-caption\">Screenshot<\/figcaption><\/figure>\n<\/div>","protected":false},"excerpt":{"rendered":"<p>Santo Domingo. \u2013 El Instituto Dominicano de las Telecomunicaciones (Indotel) puso a disposici\u00f3n de la ciudadan\u00eda el borrador del proyecto de Ley General de Telecomunicaciones, Infraestructura Digital y Conectividad, con el prop\u00f3sito de recibir aportes de los distintos sectores antes de su eventual presentaci\u00f3n ante el Congreso Nacional. La propuesta plantea una actualizaci\u00f3n integral del [&hellip;]<\/p>\n","protected":false},"author":1,"featured_media":21493,"comment_status":"open","ping_status":"open","sticky":false,"template":"","format":"standard","meta":{"_jetpack_memberships_contains_paid_content":false,"footnotes":"","jetpack_publicize_message":"","jetpack_publicize_feature_enabled":true,"jetpack_social_post_already_shared":true,"jetpack_social_options":{"image_generator_settings":{"template":"highway","enabled":false}}},"categories":[12],"tags":[628,1742],"class_list":["post-21492","post","type-post","status-publish","format-standard","has-post-thumbnail","hentry","category-tecnologia","tag-indotel","tag-telecomunicaciones"],"jetpack_publicize_connections":[],"jetpack_sharing_enabled":true,"jetpack_featured_media_url":"https:\/\/images.panoramatv.com.do\/wp-content\/uploads\/2026\/09\/sdfdf.jpg","jetpack_likes_enabled":true,"jetpack-related-posts":[],"_links":{"self":[{"href":"https:\/\/panoramatv.com.do\/index.php\/wp-json\/wp\/v2\/posts\/21492","targetHints":{"allow":["GET"]}}],"collection":[{"href":"https:\/\/panoramatv.com.do\/index.php\/wp-json\/wp\/v2\/posts"}],"about":[{"href":"https:\/\/panoramatv.com.do\/index.php\/wp-json\/wp\/v2\/types\/post"}],"author":[{"embeddable":true,"href":"https:\/\/panoramatv.com.do\/index.php\/wp-json\/wp\/v2\/users\/1"}],"replies":[{"embeddable":true,"href":"https:\/\/panoramatv.com.do\/index.php\/wp-json\/wp\/v2\/comments?post=21492"}],"version-history":[{"count":1,"href":"https:\/\/panoramatv.com.do\/index.php\/wp-json\/wp\/v2\/posts\/21492\/revisions"}],"predecessor-version":[{"id":21494,"href":"https:\/\/panoramatv.com.do\/index.php\/wp-json\/wp\/v2\/posts\/21492\/revisions\/21494"}],"wp:featuredmedia":[{"embeddable":true,"href":"https:\/\/panoramatv.com.do\/index.php\/wp-json\/wp\/v2\/media\/21493"}],"wp:attachment":[{"href":"https:\/\/panoramatv.com.do\/index.php\/wp-json\/wp\/v2\/media?parent=21492"}],"wp:term":[{"taxonomy":"category","embeddable":true,"href":"https:\/\/panoramatv.com.do\/index.php\/wp-json\/wp\/v2\/categories?post=21492"},{"taxonomy":"post_tag","embeddable":true,"href":"https:\/\/panoramatv.com.do\/index.php\/wp-json\/wp\/v2\/tags?post=21492"}],"curies":[{"name":"wp","href":"https:\/\/api.w.org\/{rel}","templated":true}]}}