{"id":21488,"date":"2026-09-03T09:06:18","date_gmt":"2026-09-03T13:06:18","guid":{"rendered":"https:\/\/panoramatv.com.do\/?p=21488"},"modified":"2026-09-03T09:06:20","modified_gmt":"2026-09-03T13:06:20","slug":"agricultura-destaca-relevo-generacional-para-transformar-el-sector-agropecuario","status":"publish","type":"post","link":"https:\/\/panoramatv.com.do\/index.php\/2026\/09\/03\/agricultura-destaca-relevo-generacional-para-transformar-el-sector-agropecuario\/","title":{"rendered":"Agricultura destaca relevo generacional para transformar el sector agropecuario"},"content":{"rendered":"\n<p class=\"wp-block-paragraph\">Santo Domingo.- El ministro de Agricultura, Francisco Oliverio Espaillat Bencosme, afirm\u00f3 que garantizar el relevo generacional es uno de los principales desaf\u00edos para asegurar el futuro de la agropecuaria dominicana y llam\u00f3 a crear condiciones para que los j\u00f3venes vean el campo como una oportunidad de desarrollo, innovaci\u00f3n y emprendimiento.<\/p>\n\n\n\n<p class=\"wp-block-paragraph\">Durante el XXVIII Encuentro de L\u00edderes del Sector Agropecuario, organizado por la JAD en Punta Cana, el funcionario se\u00f1al\u00f3 que la transformaci\u00f3n del sector debe colocar el capital humano, la mecanizaci\u00f3n, la innovaci\u00f3n y el conocimiento en el centro de una agricultura m\u00e1s productiva y competitiva.<\/p>\n\n\n\n<p class=\"wp-block-paragraph\">Espaillat Bencosme sostuvo que el pa\u00eds necesita formar nuevos t\u00e9cnicos, actualizar profesionales, capacitar operadores y fortalecer a los extensionistas para incorporar a los j\u00f3venes a una actividad cada vez m\u00e1s vinculada con la tecnolog\u00eda y el conocimiento.<\/p>\n\n\n\n<p class=\"wp-block-paragraph\">Asimismo, destac\u00f3 que herramientas como tractores modernos, drones, sensores y sistemas de agricultura de precisi\u00f3n requieren de personas capacitadas para aprovecharlas. Por ello, consider\u00f3 impostergable superar los esquemas del pasado y preparar la agropecuaria nacional para enfrentar los desaf\u00edos del siglo XXI.<\/p>\n\n\n\n<figure class=\"wp-block-gallery has-nested-images columns-default is-cropped wp-block-gallery-1 is-layout-flex wp-block-gallery-is-layout-flex\">\n<figure class=\"wp-block-image size-large\"><img loading=\"lazy\" decoding=\"async\" width=\"1600\" height=\"1066\" data-id=\"21490\" src=\"https:\/\/images.panoramatv.com.do\/wp-content\/uploads\/2026\/09\/281f8bfe-8716-4a9c-88bf-0bbbffec308e.jpg\" alt=\"\" class=\"wp-image-21490\"\/><\/figure>\n\n\n\n<figure class=\"wp-block-image size-large\"><img loading=\"lazy\" decoding=\"async\" width=\"1600\" height=\"1066\" data-id=\"21489\" src=\"https:\/\/images.panoramatv.com.do\/wp-content\/uploads\/2026\/09\/5a276115-7f79-42d5-8678-5c277f5a0e7a.jpg\" alt=\"\" class=\"wp-image-21489\"\/><\/figure>\n<\/figure>\n","protected":false},"excerpt":{"rendered":"<p>Santo Domingo.- El ministro de Agricultura, Francisco Oliverio Espaillat Bencosme, afirm\u00f3 que garantizar el relevo generacional es uno de los principales desaf\u00edos para asegurar el futuro de la agropecuaria dominicana y llam\u00f3 a crear condiciones para que los j\u00f3venes vean el campo como una oportunidad de desarrollo, innovaci\u00f3n y emprendimiento. Durante el XXVIII Encuentro de [&hellip;]<\/p>\n","protected":false},"author":1,"featured_media":21490,"comment_status":"open","ping_status":"open","sticky":false,"template":"","format":"standard","meta":{"_jetpack_memberships_contains_paid_content":false,"footnotes":"","jetpack_publicize_message":"","jetpack_publicize_feature_enabled":true,"jetpack_social_post_already_shared":true,"jetpack_social_options":{"image_generator_settings":{"template":"highway","enabled":false}}},"categories":[1],"tags":[88,3786],"class_list":["post-21488","post","type-post","status-publish","format-standard","has-post-thumbnail","hentry","category-actualidad","tag-agricultura","tag-relevo-generacional"],"jetpack_publicize_connections":[],"jetpack_sharing_enabled":true,"jetpack_featured_media_url":"https:\/\/images.panoramatv.com.do\/wp-content\/uploads\/2026\/09\/281f8bfe-8716-4a9c-88bf-0bbbffec308e.jpg","jetpack_likes_enabled":true,"jetpack-related-posts":[],"_links":{"self":[{"href":"https:\/\/panoramatv.com.do\/index.php\/wp-json\/wp\/v2\/posts\/21488","targetHints":{"allow":["GET"]}}],"collection":[{"href":"https:\/\/panoramatv.com.do\/index.php\/wp-json\/wp\/v2\/posts"}],"about":[{"href":"https:\/\/panoramatv.com.do\/index.php\/wp-json\/wp\/v2\/types\/post"}],"author":[{"embeddable":true,"href":"https:\/\/panoramatv.com.do\/index.php\/wp-json\/wp\/v2\/users\/1"}],"replies":[{"embeddable":true,"href":"https:\/\/panoramatv.com.do\/index.php\/wp-json\/wp\/v2\/comments?post=21488"}],"version-history":[{"count":1,"href":"https:\/\/panoramatv.com.do\/index.php\/wp-json\/wp\/v2\/posts\/21488\/revisions"}],"predecessor-version":[{"id":21491,"href":"https:\/\/panoramatv.com.do\/index.php\/wp-json\/wp\/v2\/posts\/21488\/revisions\/21491"}],"wp:featuredmedia":[{"embeddable":true,"href":"https:\/\/panoramatv.com.do\/index.php\/wp-json\/wp\/v2\/media\/21490"}],"wp:attachment":[{"href":"https:\/\/panoramatv.com.do\/index.php\/wp-json\/wp\/v2\/media?parent=21488"}],"wp:term":[{"taxonomy":"category","embeddable":true,"href":"https:\/\/panoramatv.com.do\/index.php\/wp-json\/wp\/v2\/categories?post=21488"},{"taxonomy":"post_tag","embeddable":true,"href":"https:\/\/panoramatv.com.do\/index.php\/wp-json\/wp\/v2\/tags?post=21488"}],"curies":[{"name":"wp","href":"https:\/\/api.w.org\/{rel}","templated":true}]}}