{"id":21484,"date":"2026-09-03T08:58:11","date_gmt":"2026-09-03T12:58:11","guid":{"rendered":"https:\/\/panoramatv.com.do\/?p=21484"},"modified":"2026-09-03T08:58:13","modified_gmt":"2026-09-03T12:58:13","slug":"gobierno-declara-de-alto-interes-nacional-combate-al-terrorismo-medioambiental","status":"publish","type":"post","link":"https:\/\/panoramatv.com.do\/index.php\/2026\/09\/03\/gobierno-declara-de-alto-interes-nacional-combate-al-terrorismo-medioambiental\/","title":{"rendered":"Gobierno declara de alto inter\u00e9s nacional combate al terrorismo medioambiental"},"content":{"rendered":"\n<p class=\"wp-block-paragraph\">Santo Domingo.- El Gobierno dominicano emiti\u00f3 el decreto 615-26, mediante el cual declara de alto inter\u00e9s nacional y prioridad estrat\u00e9gica el combate al terrorismo medioambiental, con medidas contundentes contra quienes atenten deliberadamente contra los parques nacionales y recursos naturales cr\u00edticos.<\/p>\n\n\n\n<p class=\"wp-block-paragraph\">Durante la presentaci\u00f3n de la normativa en el Palacio Nacional, el presidente Luis Abinader advirti\u00f3 que las acciones de destrucci\u00f3n sistem\u00e1tica de \u00e1reas protegidas ser\u00e1n perseguidas penalmente, tanto cuando sean cometidas por dominicanos como por extranjeros.<\/p>\n\n\n\n<p class=\"wp-block-paragraph\">El mandatario destac\u00f3 que su gesti\u00f3n trabaja en el fortalecimiento de la protecci\u00f3n jur\u00eddica de los parques nacionales, incluyendo un proceso de titulaci\u00f3n de estas \u00e1reas a nombre del Estado, debido a que muchas carec\u00edan de la documentaci\u00f3n correspondiente.<\/p>\n\n\n\n<p class=\"wp-block-paragraph\">Asimismo, Abinader se\u00f1al\u00f3 que varios incendios forestales recientes, incluido el ocurrido en el Parque Nacional de Bahoruco, estar\u00edan vinculados a actividades il\u00edcitas que afectan la flora y fauna, adem\u00e1s de poner en riesgo el suministro de agua y la seguridad alimentaria del pa\u00eds.<\/p>\n\n\n\n<figure class=\"wp-block-gallery has-nested-images columns-default is-cropped wp-block-gallery-1 is-layout-flex wp-block-gallery-is-layout-flex\">\n<figure class=\"wp-block-image size-large\"><img loading=\"lazy\" decoding=\"async\" width=\"1280\" height=\"854\" data-id=\"21485\" src=\"https:\/\/images.panoramatv.com.do\/wp-content\/uploads\/2026\/09\/WhatsApp-Image-2026-09-02-at-18.40.15.jpeg\" alt=\"\" class=\"wp-image-21485\"\/><\/figure>\n\n\n\n<figure class=\"wp-block-image size-large\"><img loading=\"lazy\" decoding=\"async\" width=\"1600\" height=\"1066\" data-id=\"21486\" src=\"https:\/\/images.panoramatv.com.do\/wp-content\/uploads\/2026\/09\/WhatsApp-Image-2026-09-02-at-18.40.14.jpeg\" alt=\"\" class=\"wp-image-21486\"\/><\/figure>\n<\/figure>\n","protected":false},"excerpt":{"rendered":"<p>Santo Domingo.- El Gobierno dominicano emiti\u00f3 el decreto 615-26, mediante el cual declara de alto inter\u00e9s nacional y prioridad estrat\u00e9gica el combate al terrorismo medioambiental, con medidas contundentes contra quienes atenten deliberadamente contra los parques nacionales y recursos naturales cr\u00edticos. Durante la presentaci\u00f3n de la normativa en el Palacio Nacional, el presidente Luis Abinader advirti\u00f3 [&hellip;]<\/p>\n","protected":false},"author":1,"featured_media":21486,"comment_status":"open","ping_status":"open","sticky":false,"template":"","format":"standard","meta":{"_jetpack_memberships_contains_paid_content":false,"footnotes":"","jetpack_publicize_message":"","jetpack_publicize_feature_enabled":true,"jetpack_social_post_already_shared":true,"jetpack_social_options":{"image_generator_settings":{"template":"highway","enabled":false}}},"categories":[2796],"tags":[3784,3785],"class_list":["post-21484","post","type-post","status-publish","format-standard","has-post-thumbnail","hentry","category-medio-ambiente","tag-decreto-615-26","tag-terrorismo-ambiental"],"jetpack_publicize_connections":[],"jetpack_sharing_enabled":true,"jetpack_featured_media_url":"https:\/\/images.panoramatv.com.do\/wp-content\/uploads\/2026\/09\/WhatsApp-Image-2026-09-02-at-18.40.14.jpeg","jetpack_likes_enabled":true,"jetpack-related-posts":[],"_links":{"self":[{"href":"https:\/\/panoramatv.com.do\/index.php\/wp-json\/wp\/v2\/posts\/21484","targetHints":{"allow":["GET"]}}],"collection":[{"href":"https:\/\/panoramatv.com.do\/index.php\/wp-json\/wp\/v2\/posts"}],"about":[{"href":"https:\/\/panoramatv.com.do\/index.php\/wp-json\/wp\/v2\/types\/post"}],"author":[{"embeddable":true,"href":"https:\/\/panoramatv.com.do\/index.php\/wp-json\/wp\/v2\/users\/1"}],"replies":[{"embeddable":true,"href":"https:\/\/panoramatv.com.do\/index.php\/wp-json\/wp\/v2\/comments?post=21484"}],"version-history":[{"count":1,"href":"https:\/\/panoramatv.com.do\/index.php\/wp-json\/wp\/v2\/posts\/21484\/revisions"}],"predecessor-version":[{"id":21487,"href":"https:\/\/panoramatv.com.do\/index.php\/wp-json\/wp\/v2\/posts\/21484\/revisions\/21487"}],"wp:featuredmedia":[{"embeddable":true,"href":"https:\/\/panoramatv.com.do\/index.php\/wp-json\/wp\/v2\/media\/21486"}],"wp:attachment":[{"href":"https:\/\/panoramatv.com.do\/index.php\/wp-json\/wp\/v2\/media?parent=21484"}],"wp:term":[{"taxonomy":"category","embeddable":true,"href":"https:\/\/panoramatv.com.do\/index.php\/wp-json\/wp\/v2\/categories?post=21484"},{"taxonomy":"post_tag","embeddable":true,"href":"https:\/\/panoramatv.com.do\/index.php\/wp-json\/wp\/v2\/tags?post=21484"}],"curies":[{"name":"wp","href":"https:\/\/api.w.org\/{rel}","templated":true}]}}