{"id":21481,"date":"2026-09-03T08:53:27","date_gmt":"2026-09-03T12:53:27","guid":{"rendered":"https:\/\/panoramatv.com.do\/?p=21481"},"modified":"2026-09-03T08:53:28","modified_gmt":"2026-09-03T12:53:28","slug":"inicia-la-segunda-edicion-de-aventurate-rd-en-puerto-plata","status":"publish","type":"post","link":"https:\/\/panoramatv.com.do\/index.php\/2026\/09\/03\/inicia-la-segunda-edicion-de-aventurate-rd-en-puerto-plata\/","title":{"rendered":"Inicia la segunda edici\u00f3n de Avent\u00farate RD en Puerto Plata"},"content":{"rendered":"\n<p class=\"wp-block-paragraph\">Puerto Plata.- La segunda edici\u00f3n de la feria Avent\u00farate RD re\u00fane a 60 expositores y 300 agentes de viajes y turoperadores, con el objetivo de promover y comercializar experiencias de aventura, naturaleza y cultura de Rep\u00fablica Dominicana. El evento se desarrolla en Puerto Plata hasta este jueves, con la participaci\u00f3n de autoridades y representantes del sector tur\u00edstico.<\/p>\n\n\n\n<p class=\"wp-block-paragraph\">La CEO de Manureva y Avent\u00farate RD, Jakaira Cid, inform\u00f3 que participan agentes mayoristas y minoristas de m\u00e1s de 15 pa\u00edses. Destac\u00f3 que el viajero actual busca experiencias aut\u00e9nticas vinculadas con la gente, la cultura, la gastronom\u00eda y la naturaleza de los destinos.<\/p>\n\n\n\n<p class=\"wp-block-paragraph\">Cid resalt\u00f3 que la feria promueve un turismo sostenible y nuevas oportunidades para las comunidades, al tiempo que apuesta por la innovaci\u00f3n, la tecnolog\u00eda y la inteligencia artificial para conectar mercados y personalizar la oferta, sin dejar de preservar la identidad local.<\/p>\n\n\n\n<p class=\"wp-block-paragraph\">De su lado, Yira Vermenthon, del Ministerio de Turismo, valor\u00f3 la feria como una oportunidad para diversificar el producto tur\u00edstico nacional y atraer nuevos nichos de mercado. Mientras, Carlos Rodol\u00ed, de AERODOM, destac\u00f3 la importancia de la conectividad a\u00e9rea para acercar Puerto Plata y sus diversas experiencias a los mercados internacionales.<\/p>\n\n\n<div class=\"wp-block-image\">\n<figure class=\"aligncenter size-full\"><img loading=\"lazy\" decoding=\"async\" width=\"1336\" height=\"891\" src=\"https:\/\/images.panoramatv.com.do\/wp-content\/uploads\/2026\/09\/bnb.jpg\" alt=\"\" class=\"wp-image-21482\"\/><\/figure>\n<\/div>","protected":false},"excerpt":{"rendered":"<p>Puerto Plata.- La segunda edici\u00f3n de la feria Avent\u00farate RD re\u00fane a 60 expositores y 300 agentes de viajes y turoperadores, con el objetivo de promover y comercializar experiencias de aventura, naturaleza y cultura de Rep\u00fablica Dominicana. El evento se desarrolla en Puerto Plata hasta este jueves, con la participaci\u00f3n de autoridades y representantes del [&hellip;]<\/p>\n","protected":false},"author":1,"featured_media":21482,"comment_status":"open","ping_status":"open","sticky":false,"template":"","format":"standard","meta":{"_jetpack_memberships_contains_paid_content":false,"footnotes":"","jetpack_publicize_message":"","jetpack_publicize_feature_enabled":true,"jetpack_social_post_already_shared":true,"jetpack_social_options":{"image_generator_settings":{"template":"highway","enabled":false}}},"categories":[44],"tags":[3783,273],"class_list":["post-21481","post","type-post","status-publish","format-standard","has-post-thumbnail","hentry","category-panorama-turistico","tag-aventurate-rd","tag-puerto-plata"],"jetpack_publicize_connections":[],"jetpack_sharing_enabled":true,"jetpack_featured_media_url":"https:\/\/images.panoramatv.com.do\/wp-content\/uploads\/2026\/09\/bnb.jpg","jetpack_likes_enabled":true,"jetpack-related-posts":[],"_links":{"self":[{"href":"https:\/\/panoramatv.com.do\/index.php\/wp-json\/wp\/v2\/posts\/21481","targetHints":{"allow":["GET"]}}],"collection":[{"href":"https:\/\/panoramatv.com.do\/index.php\/wp-json\/wp\/v2\/posts"}],"about":[{"href":"https:\/\/panoramatv.com.do\/index.php\/wp-json\/wp\/v2\/types\/post"}],"author":[{"embeddable":true,"href":"https:\/\/panoramatv.com.do\/index.php\/wp-json\/wp\/v2\/users\/1"}],"replies":[{"embeddable":true,"href":"https:\/\/panoramatv.com.do\/index.php\/wp-json\/wp\/v2\/comments?post=21481"}],"version-history":[{"count":1,"href":"https:\/\/panoramatv.com.do\/index.php\/wp-json\/wp\/v2\/posts\/21481\/revisions"}],"predecessor-version":[{"id":21483,"href":"https:\/\/panoramatv.com.do\/index.php\/wp-json\/wp\/v2\/posts\/21481\/revisions\/21483"}],"wp:featuredmedia":[{"embeddable":true,"href":"https:\/\/panoramatv.com.do\/index.php\/wp-json\/wp\/v2\/media\/21482"}],"wp:attachment":[{"href":"https:\/\/panoramatv.com.do\/index.php\/wp-json\/wp\/v2\/media?parent=21481"}],"wp:term":[{"taxonomy":"category","embeddable":true,"href":"https:\/\/panoramatv.com.do\/index.php\/wp-json\/wp\/v2\/categories?post=21481"},{"taxonomy":"post_tag","embeddable":true,"href":"https:\/\/panoramatv.com.do\/index.php\/wp-json\/wp\/v2\/tags?post=21481"}],"curies":[{"name":"wp","href":"https:\/\/api.w.org\/{rel}","templated":true}]}}