{"id":21475,"date":"2026-09-03T08:50:05","date_gmt":"2026-09-03T12:50:05","guid":{"rendered":"https:\/\/panoramatv.com.do\/?p=21475"},"modified":"2026-09-03T08:50:06","modified_gmt":"2026-09-03T12:50:06","slug":"starlite-hace-historia-premios-juventud-llega-a-europa-por-primera-vez-en-23-anos","status":"publish","type":"post","link":"https:\/\/panoramatv.com.do\/index.php\/2026\/09\/03\/starlite-hace-historia-premios-juventud-llega-a-europa-por-primera-vez-en-23-anos\/","title":{"rendered":"Starlite hace historia: Premios Juventud llega a Europa por primera vez en 23 a\u00f1os"},"content":{"rendered":"\n<p class=\"wp-block-paragraph\">Santo Domingo.- Por primera vez en su historia, los Premios Juventud se celebrar\u00e1n en Europa este 3 de septiembre, con Marbella, Espa\u00f1a, como epicentro de la m\u00fasica latina. La gala tendr\u00e1 como escenario Starlite Marbella, despu\u00e9s de 22 ediciones realizadas en Estados Unidos, Puerto Rico y Panam\u00e1.<\/p>\n\n\n\n<p class=\"wp-block-paragraph\">La edici\u00f3n 2026 contar\u00e1 con una destacada representaci\u00f3n dominicana, encabezada por Alofoke Music, Kiko El Crazy, Arlene MC y Jey One, quienes compartir\u00e1n escenario con reconocidas figuras de la m\u00fasica latina como Marc Anthony, Camilo, Christian Nodal, Wisin, Yandel, Farruko y Eladio Carri\u00f3n, entre otros.<\/p>\n\n\n\n<p class=\"wp-block-paragraph\">El sello dominicano tambi\u00e9n estar\u00e1 presente con Clarissa Molina, quien ser\u00e1 una de las presentadoras de la gala junto a Jes\u00fas V\u00e1zquez y Alejandra Espinoza. El evento reunir\u00e1 a m\u00e1s de 250 artistas invitados, unos 3,500 asistentes y alrededor de 20 actuaciones, con transmisi\u00f3n para Espa\u00f1a, Estados Unidos y Latinoam\u00e9rica, alcanzando m\u00e1s de 150 pa\u00edses.<\/p>\n\n\n\n<p class=\"wp-block-paragraph\">La llegada a Marbella representa un nuevo cap\u00edtulo para Premios Juventud y consolida a Espa\u00f1a como un escenario internacional para la m\u00fasica y cultura latina. La gala tambi\u00e9n da continuidad a la expansi\u00f3n internacional de Starlite, que en diciembre de 2025 llev\u00f3 por primera vez a Madrid el formato Billboard No. 1s fuera de Estados Unidos.<\/p>\n\n\n<div class=\"wp-block-image\">\n<figure class=\"aligncenter size-full\"><img loading=\"lazy\" decoding=\"async\" width=\"1336\" height=\"891\" src=\"https:\/\/images.panoramatv.com.do\/wp-content\/uploads\/2026\/09\/vbcv.jpg\" alt=\"\" class=\"wp-image-21476\"\/><\/figure>\n<\/div>","protected":false},"excerpt":{"rendered":"<p>Santo Domingo.- Por primera vez en su historia, los Premios Juventud se celebrar\u00e1n en Europa este 3 de septiembre, con Marbella, Espa\u00f1a, como epicentro de la m\u00fasica latina. La gala tendr\u00e1 como escenario Starlite Marbella, despu\u00e9s de 22 ediciones realizadas en Estados Unidos, Puerto Rico y Panam\u00e1. La edici\u00f3n 2026 contar\u00e1 con una destacada representaci\u00f3n [&hellip;]<\/p>\n","protected":false},"author":1,"featured_media":21476,"comment_status":"open","ping_status":"open","sticky":false,"template":"","format":"standard","meta":{"_jetpack_memberships_contains_paid_content":false,"footnotes":"","jetpack_publicize_message":"","jetpack_publicize_feature_enabled":true,"jetpack_social_post_already_shared":true,"jetpack_social_options":{"image_generator_settings":{"template":"highway","enabled":false}}},"categories":[6],"tags":[3782,3781],"class_list":["post-21475","post","type-post","status-publish","format-standard","has-post-thumbnail","hentry","category-panorama-global","tag-marbella","tag-premios-juventud"],"jetpack_publicize_connections":[],"jetpack_sharing_enabled":true,"jetpack_featured_media_url":"https:\/\/images.panoramatv.com.do\/wp-content\/uploads\/2026\/09\/vbcv.jpg","jetpack_likes_enabled":true,"jetpack-related-posts":[],"_links":{"self":[{"href":"https:\/\/panoramatv.com.do\/index.php\/wp-json\/wp\/v2\/posts\/21475","targetHints":{"allow":["GET"]}}],"collection":[{"href":"https:\/\/panoramatv.com.do\/index.php\/wp-json\/wp\/v2\/posts"}],"about":[{"href":"https:\/\/panoramatv.com.do\/index.php\/wp-json\/wp\/v2\/types\/post"}],"author":[{"embeddable":true,"href":"https:\/\/panoramatv.com.do\/index.php\/wp-json\/wp\/v2\/users\/1"}],"replies":[{"embeddable":true,"href":"https:\/\/panoramatv.com.do\/index.php\/wp-json\/wp\/v2\/comments?post=21475"}],"version-history":[{"count":1,"href":"https:\/\/panoramatv.com.do\/index.php\/wp-json\/wp\/v2\/posts\/21475\/revisions"}],"predecessor-version":[{"id":21477,"href":"https:\/\/panoramatv.com.do\/index.php\/wp-json\/wp\/v2\/posts\/21475\/revisions\/21477"}],"wp:featuredmedia":[{"embeddable":true,"href":"https:\/\/panoramatv.com.do\/index.php\/wp-json\/wp\/v2\/media\/21476"}],"wp:attachment":[{"href":"https:\/\/panoramatv.com.do\/index.php\/wp-json\/wp\/v2\/media?parent=21475"}],"wp:term":[{"taxonomy":"category","embeddable":true,"href":"https:\/\/panoramatv.com.do\/index.php\/wp-json\/wp\/v2\/categories?post=21475"},{"taxonomy":"post_tag","embeddable":true,"href":"https:\/\/panoramatv.com.do\/index.php\/wp-json\/wp\/v2\/tags?post=21475"}],"curies":[{"name":"wp","href":"https:\/\/api.w.org\/{rel}","templated":true}]}}