{"id":21471,"date":"2026-09-03T08:48:00","date_gmt":"2026-09-03T12:48:00","guid":{"rendered":"https:\/\/panoramatv.com.do\/?p=21471"},"modified":"2026-09-03T08:48:01","modified_gmt":"2026-09-03T12:48:01","slug":"monat-inicia-operaciones-oficiales-en-republica-dominicana-con-liderazgo-de-empresaria-dominicana","status":"publish","type":"post","link":"https:\/\/panoramatv.com.do\/index.php\/2026\/09\/03\/monat-inicia-operaciones-oficiales-en-republica-dominicana-con-liderazgo-de-empresaria-dominicana\/","title":{"rendered":"MONAT inicia operaciones oficiales en Rep\u00fablica Dominicana con liderazgo de empresaria dominicana"},"content":{"rendered":"\n<p class=\"wp-block-paragraph\">Santo Domingo, Rep\u00fablica Dominicana.- MONAT opera oficialmente en Rep\u00fablica Dominicana desde marzo de 2026, marcando una nueva etapa de expansi\u00f3n y generando oportunidades para consumidores y emprendedores interesados en desarrollar negocios dentro de sus comunidades.<\/p>\n\n\n\n<p class=\"wp-block-paragraph\">La empresaria dominicana Beverly Vargas, con ocho a\u00f1os de trayectoria en MONAT y reconocida como una de sus principales l\u00edderes en Estados Unidos, impulsa esta expansi\u00f3n a trav\u00e9s de su experiencia en liderazgo, formaci\u00f3n de equipos y emprendimiento.<\/p>\n\n\n\n<p class=\"wp-block-paragraph\">Su participaci\u00f3n destac\u00f3 durante MONAT Together Rep\u00fablica Dominicana, celebrado en Hard Rock Caf\u00e9 Santo Domingo, donde se reunieron consumidores, emprendedores, Market Partners y l\u00edderes de la compa\u00f1\u00eda, junto al CEO y cofundador de MONAT, Luis Urdaneta.<\/p>\n\n\n\n<p class=\"wp-block-paragraph\">La marca basa su propuesta en la filosof\u00eda Modern Nature, que combina naturaleza, ciencia e innovaci\u00f3n en productos veganos para el cuidado del cabello y la piel. Su modelo integra belleza, educaci\u00f3n, comunidad y emprendimiento, mientras Vargas busca compartir su experiencia y acompa\u00f1ar a nuevos emprendedores en Rep\u00fablica Dominicana.<\/p>\n\n\n\n<figure class=\"wp-block-gallery has-nested-images columns-default is-cropped wp-block-gallery-1 is-layout-flex wp-block-gallery-is-layout-flex\">\n<figure class=\"wp-block-image size-large\"><img loading=\"lazy\" decoding=\"async\" width=\"1336\" height=\"889\" data-id=\"21473\" src=\"https:\/\/images.panoramatv.com.do\/wp-content\/uploads\/2026\/09\/rtrsd.jpg\" alt=\"\" class=\"wp-image-21473\"\/><\/figure>\n\n\n\n<figure class=\"wp-block-image size-large\"><img loading=\"lazy\" decoding=\"async\" width=\"683\" height=\"911\" data-id=\"21472\" src=\"https:\/\/images.panoramatv.com.do\/wp-content\/uploads\/2026\/09\/sdsc.jpg\" alt=\"\" class=\"wp-image-21472\"\/><\/figure>\n<\/figure>\n","protected":false},"excerpt":{"rendered":"<p>Santo Domingo, Rep\u00fablica Dominicana.- MONAT opera oficialmente en Rep\u00fablica Dominicana desde marzo de 2026, marcando una nueva etapa de expansi\u00f3n y generando oportunidades para consumidores y emprendedores interesados en desarrollar negocios dentro de sus comunidades. La empresaria dominicana Beverly Vargas, con ocho a\u00f1os de trayectoria en MONAT y reconocida como una de sus principales l\u00edderes [&hellip;]<\/p>\n","protected":false},"author":1,"featured_media":21473,"comment_status":"open","ping_status":"open","sticky":false,"template":"","format":"standard","meta":{"_jetpack_memberships_contains_paid_content":false,"footnotes":"","jetpack_publicize_message":"","jetpack_publicize_feature_enabled":true,"jetpack_social_post_already_shared":true,"jetpack_social_options":{"image_generator_settings":{"template":"highway","enabled":false}}},"categories":[2802],"tags":[3780,3779],"class_list":["post-21471","post","type-post","status-publish","format-standard","has-post-thumbnail","hentry","category-economia-y-negocios","tag-beverly-vargas","tag-monat"],"jetpack_publicize_connections":[],"jetpack_sharing_enabled":true,"jetpack_featured_media_url":"https:\/\/images.panoramatv.com.do\/wp-content\/uploads\/2026\/09\/rtrsd.jpg","jetpack_likes_enabled":true,"jetpack-related-posts":[],"_links":{"self":[{"href":"https:\/\/panoramatv.com.do\/index.php\/wp-json\/wp\/v2\/posts\/21471","targetHints":{"allow":["GET"]}}],"collection":[{"href":"https:\/\/panoramatv.com.do\/index.php\/wp-json\/wp\/v2\/posts"}],"about":[{"href":"https:\/\/panoramatv.com.do\/index.php\/wp-json\/wp\/v2\/types\/post"}],"author":[{"embeddable":true,"href":"https:\/\/panoramatv.com.do\/index.php\/wp-json\/wp\/v2\/users\/1"}],"replies":[{"embeddable":true,"href":"https:\/\/panoramatv.com.do\/index.php\/wp-json\/wp\/v2\/comments?post=21471"}],"version-history":[{"count":1,"href":"https:\/\/panoramatv.com.do\/index.php\/wp-json\/wp\/v2\/posts\/21471\/revisions"}],"predecessor-version":[{"id":21474,"href":"https:\/\/panoramatv.com.do\/index.php\/wp-json\/wp\/v2\/posts\/21471\/revisions\/21474"}],"wp:featuredmedia":[{"embeddable":true,"href":"https:\/\/panoramatv.com.do\/index.php\/wp-json\/wp\/v2\/media\/21473"}],"wp:attachment":[{"href":"https:\/\/panoramatv.com.do\/index.php\/wp-json\/wp\/v2\/media?parent=21471"}],"wp:term":[{"taxonomy":"category","embeddable":true,"href":"https:\/\/panoramatv.com.do\/index.php\/wp-json\/wp\/v2\/categories?post=21471"},{"taxonomy":"post_tag","embeddable":true,"href":"https:\/\/panoramatv.com.do\/index.php\/wp-json\/wp\/v2\/tags?post=21471"}],"curies":[{"name":"wp","href":"https:\/\/api.w.org\/{rel}","templated":true}]}}