{"id":21468,"date":"2026-09-03T08:43:29","date_gmt":"2026-09-03T12:43:29","guid":{"rendered":"https:\/\/panoramatv.com.do\/?p=21468"},"modified":"2026-09-03T08:43:30","modified_gmt":"2026-09-03T12:43:30","slug":"banreservas-celebra-la-fidelidad-de-sus-clientes-preferentes-y-pymes-entre-aromas-y-sabores","status":"publish","type":"post","link":"https:\/\/panoramatv.com.do\/index.php\/2026\/09\/03\/banreservas-celebra-la-fidelidad-de-sus-clientes-preferentes-y-pymes-entre-aromas-y-sabores\/","title":{"rendered":"Banreservas celebra la fidelidad de sus clientes preferentes y pymes entre aromas y sabores"},"content":{"rendered":"\n<p class=\"wp-block-paragraph\">Santo Domingo.- El Banco de Reservas celebr\u00f3 un encuentro con clientes de los segmentos Preferente y Pyme en Santo Domingo, con el prop\u00f3sito de agradecer su confianza y fortalecer los v\u00ednculos con este importante grupo.<\/p>\n\n\n\n<p class=\"wp-block-paragraph\">El vicepresidente ejecutivo senior de Negocios de Banreservas, Ysidro Garc\u00eda, en representaci\u00f3n del presidente ejecutivo, Leonardo Aguilera, destac\u00f3 la importancia de mantener una relaci\u00f3n cercana con los clientes y reafirm\u00f3 el compromiso de ofrecer soluciones financieras adaptadas a sus necesidades.<\/p>\n\n\n\n<p class=\"wp-block-paragraph\">La actividad se desarroll\u00f3 en un ambiente c\u00e1lido y elegante, con espacios de relacionamiento, orientaci\u00f3n financiera y experiencias gastron\u00f3micas e interactivas. Los invitados tambi\u00e9n disfrutaron de la presentaci\u00f3n musical de Clara y Los Funkers, que fusion\u00f3 ritmos de soul, funk y rock.<\/p>\n\n\n\n<p class=\"wp-block-paragraph\">Con este tipo de iniciativas, Banreservas busca estrechar la relaci\u00f3n con sus clientes, promover el intercambio de experiencias y generar nuevas oportunidades que contribuyan al desarrollo de sus proyectos personales y empresariales.<\/p>\n\n\n<div class=\"wp-block-image\">\n<figure class=\"aligncenter size-full\"><img loading=\"lazy\" decoding=\"async\" width=\"1336\" height=\"899\" src=\"https:\/\/images.panoramatv.com.do\/wp-content\/uploads\/2026\/09\/sert.jpg\" alt=\"\" class=\"wp-image-21469\"\/><\/figure>\n<\/div>","protected":false},"excerpt":{"rendered":"<p>Santo Domingo.- El Banco de Reservas celebr\u00f3 un encuentro con clientes de los segmentos Preferente y Pyme en Santo Domingo, con el prop\u00f3sito de agradecer su confianza y fortalecer los v\u00ednculos con este importante grupo. El vicepresidente ejecutivo senior de Negocios de Banreservas, Ysidro Garc\u00eda, en representaci\u00f3n del presidente ejecutivo, Leonardo Aguilera, destac\u00f3 la importancia [&hellip;]<\/p>\n","protected":false},"author":1,"featured_media":21469,"comment_status":"open","ping_status":"open","sticky":false,"template":"","format":"standard","meta":{"_jetpack_memberships_contains_paid_content":false,"footnotes":"","jetpack_publicize_message":"","jetpack_publicize_feature_enabled":true,"jetpack_social_post_already_shared":true,"jetpack_social_options":{"image_generator_settings":{"template":"highway","enabled":false}}},"categories":[2802],"tags":[103,3778],"class_list":["post-21468","post","type-post","status-publish","format-standard","has-post-thumbnail","hentry","category-economia-y-negocios","tag-banreservas","tag-relaciones-comerciales"],"jetpack_publicize_connections":[],"jetpack_sharing_enabled":true,"jetpack_featured_media_url":"https:\/\/images.panoramatv.com.do\/wp-content\/uploads\/2026\/09\/sert.jpg","jetpack_likes_enabled":true,"jetpack-related-posts":[],"_links":{"self":[{"href":"https:\/\/panoramatv.com.do\/index.php\/wp-json\/wp\/v2\/posts\/21468","targetHints":{"allow":["GET"]}}],"collection":[{"href":"https:\/\/panoramatv.com.do\/index.php\/wp-json\/wp\/v2\/posts"}],"about":[{"href":"https:\/\/panoramatv.com.do\/index.php\/wp-json\/wp\/v2\/types\/post"}],"author":[{"embeddable":true,"href":"https:\/\/panoramatv.com.do\/index.php\/wp-json\/wp\/v2\/users\/1"}],"replies":[{"embeddable":true,"href":"https:\/\/panoramatv.com.do\/index.php\/wp-json\/wp\/v2\/comments?post=21468"}],"version-history":[{"count":1,"href":"https:\/\/panoramatv.com.do\/index.php\/wp-json\/wp\/v2\/posts\/21468\/revisions"}],"predecessor-version":[{"id":21470,"href":"https:\/\/panoramatv.com.do\/index.php\/wp-json\/wp\/v2\/posts\/21468\/revisions\/21470"}],"wp:featuredmedia":[{"embeddable":true,"href":"https:\/\/panoramatv.com.do\/index.php\/wp-json\/wp\/v2\/media\/21469"}],"wp:attachment":[{"href":"https:\/\/panoramatv.com.do\/index.php\/wp-json\/wp\/v2\/media?parent=21468"}],"wp:term":[{"taxonomy":"category","embeddable":true,"href":"https:\/\/panoramatv.com.do\/index.php\/wp-json\/wp\/v2\/categories?post=21468"},{"taxonomy":"post_tag","embeddable":true,"href":"https:\/\/panoramatv.com.do\/index.php\/wp-json\/wp\/v2\/tags?post=21468"}],"curies":[{"name":"wp","href":"https:\/\/api.w.org\/{rel}","templated":true}]}}