{"id":21454,"date":"2026-08-31T12:19:57","date_gmt":"2026-08-31T16:19:57","guid":{"rendered":"https:\/\/panoramatv.com.do\/?p=21454"},"modified":"2026-08-31T12:19:58","modified_gmt":"2026-08-31T16:19:58","slug":"jce-reconoce-a-la-cedulada-3-millones-y-elimina-restriccion-del-mes-de-cumpleanos-para-renovar-cedula","status":"publish","type":"post","link":"https:\/\/panoramatv.com.do\/index.php\/2026\/08\/31\/jce-reconoce-a-la-cedulada-3-millones-y-elimina-restriccion-del-mes-de-cumpleanos-para-renovar-cedula\/","title":{"rendered":"JCE reconoce a la cedulada 3 millones y elimina restricci\u00f3n del mes de cumplea\u00f1os para renovar c\u00e9dula"},"content":{"rendered":"\n<p class=\"wp-block-paragraph\"><strong>Santo Domingo.\u2013<\/strong> La JCE reconoci\u00f3 a la ciudadana <strong>Onaney Rosmel Severino Alc\u00e1ntara<\/strong> como la persona n\u00famero tres millones en renovar su c\u00e9dula de identidad y electoral, destacando el compromiso ciudadano con la identidad y los valores democr\u00e1ticos.<\/p>\n\n\n\n<p class=\"wp-block-paragraph\">El presidente de la JCE, <strong>Rom\u00e1n Andr\u00e9s J\u00e1quez Liranzo<\/strong>, inform\u00f3 que <strong>3,066,520 personas<\/strong> ya han recibido su nueva c\u00e9dula, mientras otras 164,970 est\u00e1n disponibles para entrega, para un total de 3,231,490 renovaciones.<\/p>\n\n\n\n<p class=\"wp-block-paragraph\">La instituci\u00f3n anunci\u00f3 adem\u00e1s que, desde este <strong>28 de agosto<\/strong>, queda eliminada la restricci\u00f3n del mes de cumplea\u00f1os para realizar el proceso de renovaci\u00f3n de la nueva c\u00e9dula.<\/p>\n\n\n\n<p class=\"wp-block-paragraph\">J\u00e1quez resalt\u00f3 que el proceso fortalece la <strong>identidad, la seguridad jur\u00eddica y la integridad del padr\u00f3n electoral<\/strong>, y record\u00f3 que el nuevo documento dominicano fue reconocido internacionalmente como el mejor documento de identidad de Latinoam\u00e9rica 2026.<\/p>\n\n\n\n<figure class=\"wp-block-gallery has-nested-images columns-default is-cropped wp-block-gallery-1 is-layout-flex wp-block-gallery-is-layout-flex\">\n<figure class=\"wp-block-image size-large\"><img loading=\"lazy\" decoding=\"async\" width=\"1599\" height=\"1066\" data-id=\"21455\" src=\"https:\/\/images.panoramatv.com.do\/wp-content\/uploads\/2026\/08\/WhatsApp-Image-2026-08-27-at-16.41.48.jpeg\" alt=\"\" class=\"wp-image-21455\"\/><\/figure>\n\n\n\n<figure class=\"wp-block-image size-large\"><img loading=\"lazy\" decoding=\"async\" width=\"1599\" height=\"1066\" data-id=\"21456\" src=\"https:\/\/images.panoramatv.com.do\/wp-content\/uploads\/2026\/08\/WhatsApp-Image-2026-08-27-at-16.41.46.jpeg\" alt=\"\" class=\"wp-image-21456\"\/><\/figure>\n<\/figure>\n","protected":false},"excerpt":{"rendered":"<p>Santo Domingo.\u2013 La JCE reconoci\u00f3 a la ciudadana Onaney Rosmel Severino Alc\u00e1ntara como la persona n\u00famero tres millones en renovar su c\u00e9dula de identidad y electoral, destacando el compromiso ciudadano con la identidad y los valores democr\u00e1ticos. El presidente de la JCE, Rom\u00e1n Andr\u00e9s J\u00e1quez Liranzo, inform\u00f3 que 3,066,520 personas ya han recibido su nueva [&hellip;]<\/p>\n","protected":false},"author":1,"featured_media":21455,"comment_status":"open","ping_status":"open","sticky":false,"template":"","format":"standard","meta":{"_jetpack_memberships_contains_paid_content":false,"footnotes":"","jetpack_publicize_message":"","jetpack_publicize_feature_enabled":true,"jetpack_social_post_already_shared":true,"jetpack_social_options":{"image_generator_settings":{"template":"highway","enabled":false}}},"categories":[2780],"tags":[3776,3777],"class_list":["post-21454","post","type-post","status-publish","format-standard","has-post-thumbnail","hentry","category-jce","tag-cedula-de-identidad","tag-renovacion"],"jetpack_publicize_connections":[],"jetpack_sharing_enabled":true,"jetpack_featured_media_url":"https:\/\/images.panoramatv.com.do\/wp-content\/uploads\/2026\/08\/WhatsApp-Image-2026-08-27-at-16.41.48.jpeg","jetpack_likes_enabled":true,"jetpack-related-posts":[],"_links":{"self":[{"href":"https:\/\/panoramatv.com.do\/index.php\/wp-json\/wp\/v2\/posts\/21454","targetHints":{"allow":["GET"]}}],"collection":[{"href":"https:\/\/panoramatv.com.do\/index.php\/wp-json\/wp\/v2\/posts"}],"about":[{"href":"https:\/\/panoramatv.com.do\/index.php\/wp-json\/wp\/v2\/types\/post"}],"author":[{"embeddable":true,"href":"https:\/\/panoramatv.com.do\/index.php\/wp-json\/wp\/v2\/users\/1"}],"replies":[{"embeddable":true,"href":"https:\/\/panoramatv.com.do\/index.php\/wp-json\/wp\/v2\/comments?post=21454"}],"version-history":[{"count":1,"href":"https:\/\/panoramatv.com.do\/index.php\/wp-json\/wp\/v2\/posts\/21454\/revisions"}],"predecessor-version":[{"id":21457,"href":"https:\/\/panoramatv.com.do\/index.php\/wp-json\/wp\/v2\/posts\/21454\/revisions\/21457"}],"wp:featuredmedia":[{"embeddable":true,"href":"https:\/\/panoramatv.com.do\/index.php\/wp-json\/wp\/v2\/media\/21455"}],"wp:attachment":[{"href":"https:\/\/panoramatv.com.do\/index.php\/wp-json\/wp\/v2\/media?parent=21454"}],"wp:term":[{"taxonomy":"category","embeddable":true,"href":"https:\/\/panoramatv.com.do\/index.php\/wp-json\/wp\/v2\/categories?post=21454"},{"taxonomy":"post_tag","embeddable":true,"href":"https:\/\/panoramatv.com.do\/index.php\/wp-json\/wp\/v2\/tags?post=21454"}],"curies":[{"name":"wp","href":"https:\/\/api.w.org\/{rel}","templated":true}]}}