{"id":21450,"date":"2026-08-31T12:16:47","date_gmt":"2026-08-31T16:16:47","guid":{"rendered":"https:\/\/panoramatv.com.do\/?p=21450"},"modified":"2026-08-31T12:16:49","modified_gmt":"2026-08-31T16:16:49","slug":"infotep-inaugura-centro-tecnico-los-palmeros-y-amplia-capacitacion-en-santo-domingo-este","status":"publish","type":"post","link":"https:\/\/panoramatv.com.do\/index.php\/2026\/08\/31\/infotep-inaugura-centro-tecnico-los-palmeros-y-amplia-capacitacion-en-santo-domingo-este\/","title":{"rendered":"INFOTEP inaugura Centro T\u00e9cnico Los Palmeros y ampl\u00eda capacitaci\u00f3n en Santo Domingo Este"},"content":{"rendered":"\n<p class=\"wp-block-paragraph\"><strong>Santo Domingo Este.\u2013<\/strong> El INFOTEP inaugur\u00f3 el <strong>Centro de Formaci\u00f3n T\u00e9cnico Los Palmeros<\/strong>, en el sector Luz Mar\u00eda, para ampliar el acceso a capacitaci\u00f3n t\u00e9cnica de j\u00f3venes y adultos de la zona.<\/p>\n\n\n\n<p class=\"wp-block-paragraph\">La directora general del INFOTEP, <strong>Maira Morla Pineda<\/strong>, destac\u00f3 que la instituci\u00f3n busca acercar oportunidades de formaci\u00f3n a las comunidades donde son necesarias.<\/p>\n\n\n\n<p class=\"wp-block-paragraph\">El centro recibi\u00f3 una inversi\u00f3n de <strong>RD$16 millones<\/strong> para infraestructura y equipamiento. Actualmente desarrolla ocho acciones formativas con <strong>109 participantes<\/strong>, mientras 85 personas ya completaron su capacitaci\u00f3n.<\/p>\n\n\n\n<p class=\"wp-block-paragraph\">Para finales de 2026, el INFOTEP proyecta realizar entre <strong>20 y 25 acciones formativas<\/strong>, con una matr\u00edcula aproximada de <strong>500 participantes<\/strong> de Santo Domingo Este y comunidades cercanas.<\/p>\n\n\n\n<figure class=\"wp-block-gallery has-nested-images columns-default is-cropped wp-block-gallery-1 is-layout-flex wp-block-gallery-is-layout-flex\">\n<figure class=\"wp-block-image size-large\"><img loading=\"lazy\" decoding=\"async\" width=\"1469\" height=\"1034\" data-id=\"21452\" src=\"https:\/\/images.panoramatv.com.do\/wp-content\/uploads\/2026\/08\/WhatsApp-Image-2026-08-28-at-13.45.38-1.jpeg\" alt=\"\" class=\"wp-image-21452\"\/><\/figure>\n\n\n\n<figure class=\"wp-block-image size-large\"><img loading=\"lazy\" decoding=\"async\" width=\"1600\" height=\"1066\" data-id=\"21451\" src=\"https:\/\/images.panoramatv.com.do\/wp-content\/uploads\/2026\/08\/WhatsApp-Image-2026-08-28-at-13.45.38.jpeg\" alt=\"\" class=\"wp-image-21451\"\/><\/figure>\n<\/figure>\n","protected":false},"excerpt":{"rendered":"<p>Santo Domingo Este.\u2013 El INFOTEP inaugur\u00f3 el Centro de Formaci\u00f3n T\u00e9cnico Los Palmeros, en el sector Luz Mar\u00eda, para ampliar el acceso a capacitaci\u00f3n t\u00e9cnica de j\u00f3venes y adultos de la zona. La directora general del INFOTEP, Maira Morla Pineda, destac\u00f3 que la instituci\u00f3n busca acercar oportunidades de formaci\u00f3n a las comunidades donde son necesarias. [&hellip;]<\/p>\n","protected":false},"author":1,"featured_media":21452,"comment_status":"open","ping_status":"open","sticky":false,"template":"","format":"standard","meta":{"_jetpack_memberships_contains_paid_content":false,"footnotes":"","jetpack_publicize_message":"","jetpack_publicize_feature_enabled":true,"jetpack_social_post_already_shared":true,"jetpack_social_options":{"image_generator_settings":{"template":"highway","enabled":false}}},"categories":[3028],"tags":[2384,140],"class_list":["post-21450","post","type-post","status-publish","format-standard","has-post-thumbnail","hentry","category-capacitacion","tag-formacion-tecnica","tag-infotep"],"jetpack_publicize_connections":[],"jetpack_sharing_enabled":true,"jetpack_featured_media_url":"https:\/\/images.panoramatv.com.do\/wp-content\/uploads\/2026\/08\/WhatsApp-Image-2026-08-28-at-13.45.38-1.jpeg","jetpack_likes_enabled":true,"jetpack-related-posts":[],"_links":{"self":[{"href":"https:\/\/panoramatv.com.do\/index.php\/wp-json\/wp\/v2\/posts\/21450","targetHints":{"allow":["GET"]}}],"collection":[{"href":"https:\/\/panoramatv.com.do\/index.php\/wp-json\/wp\/v2\/posts"}],"about":[{"href":"https:\/\/panoramatv.com.do\/index.php\/wp-json\/wp\/v2\/types\/post"}],"author":[{"embeddable":true,"href":"https:\/\/panoramatv.com.do\/index.php\/wp-json\/wp\/v2\/users\/1"}],"replies":[{"embeddable":true,"href":"https:\/\/panoramatv.com.do\/index.php\/wp-json\/wp\/v2\/comments?post=21450"}],"version-history":[{"count":1,"href":"https:\/\/panoramatv.com.do\/index.php\/wp-json\/wp\/v2\/posts\/21450\/revisions"}],"predecessor-version":[{"id":21453,"href":"https:\/\/panoramatv.com.do\/index.php\/wp-json\/wp\/v2\/posts\/21450\/revisions\/21453"}],"wp:featuredmedia":[{"embeddable":true,"href":"https:\/\/panoramatv.com.do\/index.php\/wp-json\/wp\/v2\/media\/21452"}],"wp:attachment":[{"href":"https:\/\/panoramatv.com.do\/index.php\/wp-json\/wp\/v2\/media?parent=21450"}],"wp:term":[{"taxonomy":"category","embeddable":true,"href":"https:\/\/panoramatv.com.do\/index.php\/wp-json\/wp\/v2\/categories?post=21450"},{"taxonomy":"post_tag","embeddable":true,"href":"https:\/\/panoramatv.com.do\/index.php\/wp-json\/wp\/v2\/tags?post=21450"}],"curies":[{"name":"wp","href":"https:\/\/api.w.org\/{rel}","templated":true}]}}