{"id":21445,"date":"2026-08-31T12:15:15","date_gmt":"2026-08-31T16:15:15","guid":{"rendered":"https:\/\/panoramatv.com.do\/?p=21445"},"modified":"2026-08-31T12:15:16","modified_gmt":"2026-08-31T16:15:16","slug":"lmd-impulsa-nueva-generacion-de-lideres-para-transformar-la-gestion-municipal","status":"publish","type":"post","link":"https:\/\/panoramatv.com.do\/index.php\/2026\/08\/31\/lmd-impulsa-nueva-generacion-de-lideres-para-transformar-la-gestion-municipal\/","title":{"rendered":"LMD impulsa nueva generaci\u00f3n de l\u00edderes para transformar la gesti\u00f3n municipal"},"content":{"rendered":"\n<p class=\"wp-block-paragraph\">Santo Domingo.- La Liga Municipal Dominicana (LMD) present\u00f3 una amplia oferta formativa orientada a fortalecer las capacidades de los gobiernos locales para impulsar el desarrollo de sus territorios, durante un acto encabezado por su presidente, V\u00edctor D\u2019Aza, que cont\u00f3 con la participaci\u00f3n del ministro de Administraci\u00f3n P\u00fablica, Sigmund Freund.<\/p>\n\n\n\n<p class=\"wp-block-paragraph\">Durante su intervenci\u00f3n, D\u2019Aza destac\u00f3 la necesidad de transformar las capacidades con las que se gestionan los territorios frente a las nuevas demandas sociales, econ\u00f3micas y tecnol\u00f3gicas.<\/p>\n\n\n\n<p class=\"wp-block-paragraph\">\u201cVivimos un momento de grandes transformaciones en nuestra sociedad y, ante esta realidad, no podemos administrar los territorios del siglo XXI con las mismas herramientas del siglo XX. Necesitamos nuevas capacidades, nuevas competencias y nuevos liderazgos\u201d, afirm\u00f3 el funcionario.<\/p>\n\n\n\n<p class=\"wp-block-paragraph\">La iniciativa \u201cLiderazgo para el Desarrollo Territorial\u201d articula una oferta acad\u00e9mica centrada en \u00e1reas estrat\u00e9gicas como gobierno y gesti\u00f3n p\u00fablica, gesti\u00f3n y ordenamiento del territorio, cooperaci\u00f3n descentralizada, sostenibilidad e innovaci\u00f3n, econom\u00eda, fortalecimiento del talento humano, comunicaci\u00f3n y liderazgo.<\/p>\n\n\n\n<p class=\"wp-block-paragraph\">La oferta incluye tres programas de m\u00e1ster, vinculados a econom\u00eda circular y desarrollo sostenible; innovaci\u00f3n y gesti\u00f3n del talento humano; y gobierno, fiscalidad y pol\u00edticas p\u00fablicas. Asimismo, incorpora diplomados y certificaciones en cooperaci\u00f3n internacional y acci\u00f3n exterior de los gobiernos locales; desarrollo urbano y territorial sostenible; ordenamiento territorial; comunicaci\u00f3n asertiva, liderazgo y marca personal; y una microcertificaci\u00f3n en econom\u00eda para la toma de decisiones.<\/p>\n\n\n\n<figure class=\"wp-block-gallery aligncenter has-nested-images columns-default is-cropped wp-block-gallery-1 is-layout-flex wp-block-gallery-is-layout-flex\">\n<figure class=\"wp-block-image size-large\"><img loading=\"lazy\" decoding=\"async\" width=\"1280\" height=\"853\" data-id=\"21446\" src=\"https:\/\/images.panoramatv.com.do\/wp-content\/uploads\/2026\/08\/WhatsApp-Image-2026-08-27-at-14.45.38.jpeg\" alt=\"\" class=\"wp-image-21446\"\/><\/figure>\n\n\n\n<figure class=\"wp-block-image size-full\"><img loading=\"lazy\" decoding=\"async\" width=\"1280\" height=\"853\" data-id=\"21448\" src=\"https:\/\/images.panoramatv.com.do\/wp-content\/uploads\/2026\/08\/WhatsApp-Image-2026-08-27-at-14.45.37-1.jpeg\" alt=\"\" class=\"wp-image-21448\"\/><\/figure>\n<\/figure>\n","protected":false},"excerpt":{"rendered":"<p>Santo Domingo.- La Liga Municipal Dominicana (LMD) present\u00f3 una amplia oferta formativa orientada a fortalecer las capacidades de los gobiernos locales para impulsar el desarrollo de sus territorios, durante un acto encabezado por su presidente, V\u00edctor D\u2019Aza, que cont\u00f3 con la participaci\u00f3n del ministro de Administraci\u00f3n P\u00fablica, Sigmund Freund. Durante su intervenci\u00f3n, D\u2019Aza destac\u00f3 la [&hellip;]<\/p>\n","protected":false},"author":1,"featured_media":21446,"comment_status":"open","ping_status":"open","sticky":false,"template":"","format":"standard","meta":{"_jetpack_memberships_contains_paid_content":false,"footnotes":"","jetpack_publicize_message":"","jetpack_publicize_feature_enabled":true,"jetpack_social_post_already_shared":true,"jetpack_social_options":{"image_generator_settings":{"template":"highway","enabled":false}}},"categories":[3028],"tags":[3775,3600],"class_list":["post-21445","post","type-post","status-publish","format-standard","has-post-thumbnail","hentry","category-capacitacion","tag-gobiernos-locales","tag-liga-municipal-dominicana"],"jetpack_publicize_connections":[],"jetpack_sharing_enabled":true,"jetpack_featured_media_url":"https:\/\/images.panoramatv.com.do\/wp-content\/uploads\/2026\/08\/WhatsApp-Image-2026-08-27-at-14.45.38.jpeg","jetpack_likes_enabled":true,"jetpack-related-posts":[],"_links":{"self":[{"href":"https:\/\/panoramatv.com.do\/index.php\/wp-json\/wp\/v2\/posts\/21445","targetHints":{"allow":["GET"]}}],"collection":[{"href":"https:\/\/panoramatv.com.do\/index.php\/wp-json\/wp\/v2\/posts"}],"about":[{"href":"https:\/\/panoramatv.com.do\/index.php\/wp-json\/wp\/v2\/types\/post"}],"author":[{"embeddable":true,"href":"https:\/\/panoramatv.com.do\/index.php\/wp-json\/wp\/v2\/users\/1"}],"replies":[{"embeddable":true,"href":"https:\/\/panoramatv.com.do\/index.php\/wp-json\/wp\/v2\/comments?post=21445"}],"version-history":[{"count":1,"href":"https:\/\/panoramatv.com.do\/index.php\/wp-json\/wp\/v2\/posts\/21445\/revisions"}],"predecessor-version":[{"id":21449,"href":"https:\/\/panoramatv.com.do\/index.php\/wp-json\/wp\/v2\/posts\/21445\/revisions\/21449"}],"wp:featuredmedia":[{"embeddable":true,"href":"https:\/\/panoramatv.com.do\/index.php\/wp-json\/wp\/v2\/media\/21446"}],"wp:attachment":[{"href":"https:\/\/panoramatv.com.do\/index.php\/wp-json\/wp\/v2\/media?parent=21445"}],"wp:term":[{"taxonomy":"category","embeddable":true,"href":"https:\/\/panoramatv.com.do\/index.php\/wp-json\/wp\/v2\/categories?post=21445"},{"taxonomy":"post_tag","embeddable":true,"href":"https:\/\/panoramatv.com.do\/index.php\/wp-json\/wp\/v2\/tags?post=21445"}],"curies":[{"name":"wp","href":"https:\/\/api.w.org\/{rel}","templated":true}]}}