{"id":21438,"date":"2026-08-31T12:10:51","date_gmt":"2026-08-31T16:10:51","guid":{"rendered":"https:\/\/panoramatv.com.do\/?p=21438"},"modified":"2026-08-31T12:10:53","modified_gmt":"2026-08-31T16:10:53","slug":"mescyt-impulsa-estrategia-regional-de-inteligencia-artificial-y-cooperacion-cientifica","status":"publish","type":"post","link":"https:\/\/panoramatv.com.do\/index.php\/2026\/08\/31\/mescyt-impulsa-estrategia-regional-de-inteligencia-artificial-y-cooperacion-cientifica\/","title":{"rendered":"MESCyT impulsa estrategia regional de inteligencia artificial y cooperaci\u00f3n cient\u00edfica"},"content":{"rendered":"\n<p class=\"wp-block-paragraph\"><strong>Santo Domingo.\u2013<\/strong> El MESCyT llam\u00f3 a los pa\u00edses de Centroam\u00e9rica, Panam\u00e1 y Rep\u00fablica Dominicana a <strong>fortalecer la cooperaci\u00f3n cient\u00edfica y tecnol\u00f3gica<\/strong> y utilizar la diplomacia cient\u00edfica como una herramienta de Estado para impulsar el desarrollo regional.<\/p>\n\n\n\n<p class=\"wp-block-paragraph\">El planteamiento fue realizado por el viceministro de Ciencia y Tecnolog\u00eda, <strong>Genaro Rodr\u00edguez Mart\u00ednez<\/strong>, durante un panel sobre diplomacia cient\u00edfica, gobernanza regional y ciencia, tecnolog\u00eda e innovaci\u00f3n.<\/p>\n\n\n\n<p class=\"wp-block-paragraph\">Rodr\u00edguez Mart\u00ednez se\u00f1al\u00f3 que la regi\u00f3n debe enfrentar de manera conjunta desaf\u00edos como el <strong>cambio clim\u00e1tico, fen\u00f3menos naturales, transformaci\u00f3n digital, seguridad alimentaria e infraestructura cient\u00edfica<\/strong>.<\/p>\n\n\n\n<p class=\"wp-block-paragraph\">El funcionario propuso avanzar hacia <strong>pol\u00edticas p\u00fablicas sostenibles, mayores inversiones y proyectos cient\u00edficos conjuntos<\/strong>, para convertir la cooperaci\u00f3n regional en soluciones concretas para la poblaci\u00f3n.<\/p>\n\n\n\n<figure class=\"wp-block-gallery has-nested-images columns-default is-cropped wp-block-gallery-1 is-layout-flex wp-block-gallery-is-layout-flex\">\n<figure class=\"wp-block-image size-large\"><img loading=\"lazy\" decoding=\"async\" width=\"1600\" height=\"1066\" data-id=\"21439\" src=\"https:\/\/images.panoramatv.com.do\/wp-content\/uploads\/2026\/08\/WhatsApp-Image-2026-08-28-at-17.11.56-1.jpeg\" alt=\"\" class=\"wp-image-21439\"\/><\/figure>\n\n\n\n<figure class=\"wp-block-image size-large\"><img loading=\"lazy\" decoding=\"async\" width=\"1600\" height=\"1066\" data-id=\"21440\" src=\"https:\/\/images.panoramatv.com.do\/wp-content\/uploads\/2026\/08\/WhatsApp-Image-2026-08-28-at-17.11.56.jpeg\" alt=\"\" class=\"wp-image-21440\"\/><\/figure>\n<\/figure>\n","protected":false},"excerpt":{"rendered":"<p>Santo Domingo.\u2013 El MESCyT llam\u00f3 a los pa\u00edses de Centroam\u00e9rica, Panam\u00e1 y Rep\u00fablica Dominicana a fortalecer la cooperaci\u00f3n cient\u00edfica y tecnol\u00f3gica y utilizar la diplomacia cient\u00edfica como una herramienta de Estado para impulsar el desarrollo regional. El planteamiento fue realizado por el viceministro de Ciencia y Tecnolog\u00eda, Genaro Rodr\u00edguez Mart\u00ednez, durante un panel sobre diplomacia [&hellip;]<\/p>\n","protected":false},"author":1,"featured_media":21440,"comment_status":"open","ping_status":"open","sticky":false,"template":"","format":"standard","meta":{"_jetpack_memberships_contains_paid_content":false,"footnotes":"","jetpack_publicize_message":"","jetpack_publicize_feature_enabled":true,"jetpack_social_post_already_shared":true,"jetpack_social_options":{"image_generator_settings":{"template":"highway","enabled":false}}},"categories":[2793],"tags":[3774,768],"class_list":["post-21438","post","type-post","status-publish","format-standard","has-post-thumbnail","hentry","category-gobierno","tag-diplomacia-cientifica","tag-mescyt"],"jetpack_publicize_connections":[],"jetpack_sharing_enabled":true,"jetpack_featured_media_url":"https:\/\/images.panoramatv.com.do\/wp-content\/uploads\/2026\/08\/WhatsApp-Image-2026-08-28-at-17.11.56.jpeg","jetpack_likes_enabled":true,"jetpack-related-posts":[],"_links":{"self":[{"href":"https:\/\/panoramatv.com.do\/index.php\/wp-json\/wp\/v2\/posts\/21438","targetHints":{"allow":["GET"]}}],"collection":[{"href":"https:\/\/panoramatv.com.do\/index.php\/wp-json\/wp\/v2\/posts"}],"about":[{"href":"https:\/\/panoramatv.com.do\/index.php\/wp-json\/wp\/v2\/types\/post"}],"author":[{"embeddable":true,"href":"https:\/\/panoramatv.com.do\/index.php\/wp-json\/wp\/v2\/users\/1"}],"replies":[{"embeddable":true,"href":"https:\/\/panoramatv.com.do\/index.php\/wp-json\/wp\/v2\/comments?post=21438"}],"version-history":[{"count":1,"href":"https:\/\/panoramatv.com.do\/index.php\/wp-json\/wp\/v2\/posts\/21438\/revisions"}],"predecessor-version":[{"id":21441,"href":"https:\/\/panoramatv.com.do\/index.php\/wp-json\/wp\/v2\/posts\/21438\/revisions\/21441"}],"wp:featuredmedia":[{"embeddable":true,"href":"https:\/\/panoramatv.com.do\/index.php\/wp-json\/wp\/v2\/media\/21440"}],"wp:attachment":[{"href":"https:\/\/panoramatv.com.do\/index.php\/wp-json\/wp\/v2\/media?parent=21438"}],"wp:term":[{"taxonomy":"category","embeddable":true,"href":"https:\/\/panoramatv.com.do\/index.php\/wp-json\/wp\/v2\/categories?post=21438"},{"taxonomy":"post_tag","embeddable":true,"href":"https:\/\/panoramatv.com.do\/index.php\/wp-json\/wp\/v2\/tags?post=21438"}],"curies":[{"name":"wp","href":"https:\/\/api.w.org\/{rel}","templated":true}]}}