{"id":21429,"date":"2026-08-31T12:01:41","date_gmt":"2026-08-31T16:01:41","guid":{"rendered":"https:\/\/panoramatv.com.do\/?p=21429"},"modified":"2026-08-31T12:01:44","modified_gmt":"2026-08-31T16:01:44","slug":"ministros-de-agricultura-acuerdan-acciones-conjuntas-para-fortalecer-la-sanidad-agropecuaria","status":"publish","type":"post","link":"https:\/\/panoramatv.com.do\/index.php\/2026\/08\/31\/ministros-de-agricultura-acuerdan-acciones-conjuntas-para-fortalecer-la-sanidad-agropecuaria\/","title":{"rendered":"Ministros de Agricultura acuerdan acciones conjuntas para fortalecer la sanidad agropecuaria"},"content":{"rendered":"\n<p class=\"wp-block-paragraph\"><strong>Ciudad de Guatemala.\u2013<\/strong> Ministros y autoridades agropecuarias de M\u00e9xico, Centroam\u00e9rica y Rep\u00fablica Dominicana acordaron fortalecer la <strong>prevenci\u00f3n, vigilancia y control de enfermedades y plagas<\/strong> que amenazan la producci\u00f3n y seguridad alimentaria regional.<\/p>\n\n\n\n<p class=\"wp-block-paragraph\">El compromiso fue asumido durante la <strong>97.\u00aa Reuni\u00f3n Extraordinaria del CIRSA<\/strong>, donde se analizaron los principales riesgos sanitarios transfronterizos y la necesidad de establecer respuestas conjuntas.<\/p>\n\n\n\n<p class=\"wp-block-paragraph\">Las autoridades acordaron reforzar las acciones contra la <strong>Peste Porcina Africana, el Fusarium R4T del banano y la Influenza Aviar<\/strong>, adem\u00e1s de impulsar protocolos comunes y controles en puertos, aeropuertos y fronteras terrestres.<\/p>\n\n\n\n<p class=\"wp-block-paragraph\">Rep\u00fablica Dominicana estuvo representada por el ministro de Agricultura, <strong>Francisco Oliverio Espaillat Bencosme<\/strong>, quien destac\u00f3 la importancia de una respuesta regional para proteger la producci\u00f3n, el abastecimiento de alimentos y el comercio entre los pa\u00edses.<\/p>\n\n\n<div class=\"wp-block-image\">\n<figure class=\"aligncenter size-full\"><img loading=\"lazy\" decoding=\"async\" width=\"1280\" height=\"853\" src=\"https:\/\/images.panoramatv.com.do\/wp-content\/uploads\/2026\/08\/WhatsApp-Image-2026-08-30-at-11.39.56.jpeg\" alt=\"\" class=\"wp-image-21430\"\/><\/figure>\n<\/div>","protected":false},"excerpt":{"rendered":"<p>Ciudad de Guatemala.\u2013 Ministros y autoridades agropecuarias de M\u00e9xico, Centroam\u00e9rica y Rep\u00fablica Dominicana acordaron fortalecer la prevenci\u00f3n, vigilancia y control de enfermedades y plagas que amenazan la producci\u00f3n y seguridad alimentaria regional. El compromiso fue asumido durante la 97.\u00aa Reuni\u00f3n Extraordinaria del CIRSA, donde se analizaron los principales riesgos sanitarios transfronterizos y la necesidad de [&hellip;]<\/p>\n","protected":false},"author":1,"featured_media":21430,"comment_status":"open","ping_status":"open","sticky":false,"template":"","format":"standard","meta":{"_jetpack_memberships_contains_paid_content":false,"footnotes":"","jetpack_publicize_message":"","jetpack_publicize_feature_enabled":true,"jetpack_social_post_already_shared":true,"jetpack_social_options":{"image_generator_settings":{"template":"highway","enabled":false}}},"categories":[2802],"tags":[3770,1697],"class_list":["post-21429","post","type-post","status-publish","format-standard","has-post-thumbnail","hentry","category-economia-y-negocios","tag-peste-porcina-africana","tag-seguridad-alimentaria"],"jetpack_publicize_connections":[],"jetpack_sharing_enabled":true,"jetpack_featured_media_url":"https:\/\/images.panoramatv.com.do\/wp-content\/uploads\/2026\/08\/WhatsApp-Image-2026-08-30-at-11.39.56.jpeg","jetpack_likes_enabled":true,"jetpack-related-posts":[],"_links":{"self":[{"href":"https:\/\/panoramatv.com.do\/index.php\/wp-json\/wp\/v2\/posts\/21429","targetHints":{"allow":["GET"]}}],"collection":[{"href":"https:\/\/panoramatv.com.do\/index.php\/wp-json\/wp\/v2\/posts"}],"about":[{"href":"https:\/\/panoramatv.com.do\/index.php\/wp-json\/wp\/v2\/types\/post"}],"author":[{"embeddable":true,"href":"https:\/\/panoramatv.com.do\/index.php\/wp-json\/wp\/v2\/users\/1"}],"replies":[{"embeddable":true,"href":"https:\/\/panoramatv.com.do\/index.php\/wp-json\/wp\/v2\/comments?post=21429"}],"version-history":[{"count":1,"href":"https:\/\/panoramatv.com.do\/index.php\/wp-json\/wp\/v2\/posts\/21429\/revisions"}],"predecessor-version":[{"id":21431,"href":"https:\/\/panoramatv.com.do\/index.php\/wp-json\/wp\/v2\/posts\/21429\/revisions\/21431"}],"wp:featuredmedia":[{"embeddable":true,"href":"https:\/\/panoramatv.com.do\/index.php\/wp-json\/wp\/v2\/media\/21430"}],"wp:attachment":[{"href":"https:\/\/panoramatv.com.do\/index.php\/wp-json\/wp\/v2\/media?parent=21429"}],"wp:term":[{"taxonomy":"category","embeddable":true,"href":"https:\/\/panoramatv.com.do\/index.php\/wp-json\/wp\/v2\/categories?post=21429"},{"taxonomy":"post_tag","embeddable":true,"href":"https:\/\/panoramatv.com.do\/index.php\/wp-json\/wp\/v2\/tags?post=21429"}],"curies":[{"name":"wp","href":"https:\/\/api.w.org\/{rel}","templated":true}]}}