{"id":21426,"date":"2026-08-31T11:43:08","date_gmt":"2026-08-31T15:43:08","guid":{"rendered":"https:\/\/panoramatv.com.do\/?p=21426"},"modified":"2026-08-31T11:43:10","modified_gmt":"2026-08-31T15:43:10","slug":"pucmm-ratifica-a-hector-alies-como-director-de-la-escuela-de-derecho-en-santo-domingo","status":"publish","type":"post","link":"https:\/\/panoramatv.com.do\/index.php\/2026\/08\/31\/pucmm-ratifica-a-hector-alies-como-director-de-la-escuela-de-derecho-en-santo-domingo\/","title":{"rendered":"PUCMM ratifica a H\u00e9ctor Alies como director de la Escuela de Derecho en Santo Domingo"},"content":{"rendered":"\n<p class=\"wp-block-paragraph\"><strong>Santo Domingo.\u2013<\/strong> La PUCMM ratific\u00f3 al <strong>Dr. H\u00e9ctor Alies Rivas<\/strong> como director de la Escuela de Derecho en Santo Domingo, para un nuevo per\u00edodo del <strong>1 de septiembre de 2026 al 31 de agosto de 2028<\/strong>.<\/p>\n\n\n\n<p class=\"wp-block-paragraph\">Alies Rivas dirige la Escuela de Derecho desde 2019 y ha impulsado iniciativas para fortalecer la <strong>formaci\u00f3n jur\u00eddica, la internacionalizaci\u00f3n y la vinculaci\u00f3n de los estudiantes con la pr\u00e1ctica profesional<\/strong>.<\/p>\n\n\n\n<p class=\"wp-block-paragraph\">El jurista y profesor <strong>Eduardo Jorge Prats<\/strong> destac\u00f3 su gesti\u00f3n, resaltando el fortalecimiento docente, la revista <em>Iuris Forum<\/em>, los v\u00ednculos acad\u00e9micos internacionales y la participaci\u00f3n estudiantil en competencias y actividades jur\u00eddicas.<\/p>\n\n\n\n<p class=\"wp-block-paragraph\">Tras su ratificaci\u00f3n, Alies Rivas afirm\u00f3 que continuar\u00e1 trabajando por la <strong>excelencia, innovaci\u00f3n y una formaci\u00f3n jur\u00eddica conectada con los desaf\u00edos actuales<\/strong>, junto a la comunidad acad\u00e9mica.<\/p>\n\n\n<div class=\"wp-block-image\">\n<figure class=\"aligncenter size-full\"><img loading=\"lazy\" decoding=\"async\" width=\"1280\" height=\"853\" src=\"https:\/\/images.panoramatv.com.do\/wp-content\/uploads\/2026\/08\/Hector-Elies.jpeg\" alt=\"\" class=\"wp-image-21427\"\/><\/figure>\n<\/div>","protected":false},"excerpt":{"rendered":"<p>Santo Domingo.\u2013 La PUCMM ratific\u00f3 al Dr. H\u00e9ctor Alies Rivas como director de la Escuela de Derecho en Santo Domingo, para un nuevo per\u00edodo del 1 de septiembre de 2026 al 31 de agosto de 2028. Alies Rivas dirige la Escuela de Derecho desde 2019 y ha impulsado iniciativas para fortalecer la formaci\u00f3n jur\u00eddica, la [&hellip;]<\/p>\n","protected":false},"author":1,"featured_media":21427,"comment_status":"open","ping_status":"open","sticky":false,"template":"","format":"standard","meta":{"_jetpack_memberships_contains_paid_content":false,"footnotes":"","jetpack_publicize_message":"","jetpack_publicize_feature_enabled":true,"jetpack_social_post_already_shared":true,"jetpack_social_options":{"image_generator_settings":{"template":"highway","enabled":false}}},"categories":[2794],"tags":[3769,1610],"class_list":["post-21426","post","type-post","status-publish","format-standard","has-post-thumbnail","hentry","category-educacion","tag-escuela-de-derecho","tag-pucmm"],"jetpack_publicize_connections":[],"jetpack_sharing_enabled":true,"jetpack_featured_media_url":"https:\/\/images.panoramatv.com.do\/wp-content\/uploads\/2026\/08\/Hector-Elies.jpeg","jetpack_likes_enabled":true,"jetpack-related-posts":[],"_links":{"self":[{"href":"https:\/\/panoramatv.com.do\/index.php\/wp-json\/wp\/v2\/posts\/21426","targetHints":{"allow":["GET"]}}],"collection":[{"href":"https:\/\/panoramatv.com.do\/index.php\/wp-json\/wp\/v2\/posts"}],"about":[{"href":"https:\/\/panoramatv.com.do\/index.php\/wp-json\/wp\/v2\/types\/post"}],"author":[{"embeddable":true,"href":"https:\/\/panoramatv.com.do\/index.php\/wp-json\/wp\/v2\/users\/1"}],"replies":[{"embeddable":true,"href":"https:\/\/panoramatv.com.do\/index.php\/wp-json\/wp\/v2\/comments?post=21426"}],"version-history":[{"count":1,"href":"https:\/\/panoramatv.com.do\/index.php\/wp-json\/wp\/v2\/posts\/21426\/revisions"}],"predecessor-version":[{"id":21428,"href":"https:\/\/panoramatv.com.do\/index.php\/wp-json\/wp\/v2\/posts\/21426\/revisions\/21428"}],"wp:featuredmedia":[{"embeddable":true,"href":"https:\/\/panoramatv.com.do\/index.php\/wp-json\/wp\/v2\/media\/21427"}],"wp:attachment":[{"href":"https:\/\/panoramatv.com.do\/index.php\/wp-json\/wp\/v2\/media?parent=21426"}],"wp:term":[{"taxonomy":"category","embeddable":true,"href":"https:\/\/panoramatv.com.do\/index.php\/wp-json\/wp\/v2\/categories?post=21426"},{"taxonomy":"post_tag","embeddable":true,"href":"https:\/\/panoramatv.com.do\/index.php\/wp-json\/wp\/v2\/tags?post=21426"}],"curies":[{"name":"wp","href":"https:\/\/api.w.org\/{rel}","templated":true}]}}