{"id":21423,"date":"2026-08-31T11:42:05","date_gmt":"2026-08-31T15:42:05","guid":{"rendered":"https:\/\/panoramatv.com.do\/?p=21423"},"modified":"2026-08-31T11:42:07","modified_gmt":"2026-08-31T15:42:07","slug":"aneih-destaca-que-una-justicia-eficiente-es-clave-para-atraer-inversion","status":"publish","type":"post","link":"https:\/\/panoramatv.com.do\/index.php\/2026\/08\/31\/aneih-destaca-que-una-justicia-eficiente-es-clave-para-atraer-inversion\/","title":{"rendered":"ANEIH destaca que una justicia eficiente es clave para atraer inversi\u00f3n"},"content":{"rendered":"\n<p class=\"wp-block-paragraph\"><strong>Santo Domingo.\u2013<\/strong> La ANEIH destac\u00f3 que el fortalecimiento institucional y la modernizaci\u00f3n de la justicia son claves para <strong>atraer inversiones, impulsar el emprendimiento, aumentar la producci\u00f3n y generar empleos<\/strong>.<\/p>\n\n\n\n<p class=\"wp-block-paragraph\">Francis Mateo, primer vicepresidente de la entidad, resalt\u00f3 la importancia de las reformas normativas impulsadas por el Gobierno, incluyendo la reforma constitucional y la nueva <strong>Ley Org\u00e1nica del Ministerio de Justicia<\/strong>.<\/p>\n\n\n\n<p class=\"wp-block-paragraph\">Mateo afirm\u00f3 que contar con <strong>reglas claras, instituciones s\u00f3lidas y procesos eficientes<\/strong> genera confianza en el sector empresarial y contribuye a fortalecer la democracia y garantizar los derechos ciudadanos.<\/p>\n\n\n\n<p class=\"wp-block-paragraph\">Las declaraciones fueron ofrecidas durante un <strong>C\u00f3ctel-Conferencia de la ANEIH<\/strong>, realizado en el marco de la Expo Feria Destino Oeste, donde particip\u00f3 el ministro de Justicia, <strong>Antoliano Peralta<\/strong>, quien abord\u00f3 las reformas institucionales en marcha.<\/p>\n\n\n<div class=\"wp-block-image\">\n<figure class=\"aligncenter size-full\"><img loading=\"lazy\" decoding=\"async\" width=\"1280\" height=\"853\" src=\"https:\/\/images.panoramatv.com.do\/wp-content\/uploads\/2026\/08\/Junta-directiva-de-ANEIH-junto-a-Antonialo-Peralta.jpeg\" alt=\"\" class=\"wp-image-21424\"\/><\/figure>\n<\/div>","protected":false},"excerpt":{"rendered":"<p>Santo Domingo.\u2013 La ANEIH destac\u00f3 que el fortalecimiento institucional y la modernizaci\u00f3n de la justicia son claves para atraer inversiones, impulsar el emprendimiento, aumentar la producci\u00f3n y generar empleos. Francis Mateo, primer vicepresidente de la entidad, resalt\u00f3 la importancia de las reformas normativas impulsadas por el Gobierno, incluyendo la reforma constitucional y la nueva Ley [&hellip;]<\/p>\n","protected":false},"author":1,"featured_media":21424,"comment_status":"open","ping_status":"open","sticky":false,"template":"","format":"standard","meta":{"_jetpack_memberships_contains_paid_content":false,"footnotes":"","jetpack_publicize_message":"","jetpack_publicize_feature_enabled":true,"jetpack_social_post_already_shared":true,"jetpack_social_options":{"image_generator_settings":{"template":"highway","enabled":false}}},"categories":[2802],"tags":[1244,265],"class_list":["post-21423","post","type-post","status-publish","format-standard","has-post-thumbnail","hentry","category-economia-y-negocios","tag-aneih","tag-inversiones"],"jetpack_publicize_connections":[],"jetpack_sharing_enabled":true,"jetpack_featured_media_url":"https:\/\/images.panoramatv.com.do\/wp-content\/uploads\/2026\/08\/Junta-directiva-de-ANEIH-junto-a-Antonialo-Peralta.jpeg","jetpack_likes_enabled":true,"jetpack-related-posts":[],"_links":{"self":[{"href":"https:\/\/panoramatv.com.do\/index.php\/wp-json\/wp\/v2\/posts\/21423","targetHints":{"allow":["GET"]}}],"collection":[{"href":"https:\/\/panoramatv.com.do\/index.php\/wp-json\/wp\/v2\/posts"}],"about":[{"href":"https:\/\/panoramatv.com.do\/index.php\/wp-json\/wp\/v2\/types\/post"}],"author":[{"embeddable":true,"href":"https:\/\/panoramatv.com.do\/index.php\/wp-json\/wp\/v2\/users\/1"}],"replies":[{"embeddable":true,"href":"https:\/\/panoramatv.com.do\/index.php\/wp-json\/wp\/v2\/comments?post=21423"}],"version-history":[{"count":1,"href":"https:\/\/panoramatv.com.do\/index.php\/wp-json\/wp\/v2\/posts\/21423\/revisions"}],"predecessor-version":[{"id":21425,"href":"https:\/\/panoramatv.com.do\/index.php\/wp-json\/wp\/v2\/posts\/21423\/revisions\/21425"}],"wp:featuredmedia":[{"embeddable":true,"href":"https:\/\/panoramatv.com.do\/index.php\/wp-json\/wp\/v2\/media\/21424"}],"wp:attachment":[{"href":"https:\/\/panoramatv.com.do\/index.php\/wp-json\/wp\/v2\/media?parent=21423"}],"wp:term":[{"taxonomy":"category","embeddable":true,"href":"https:\/\/panoramatv.com.do\/index.php\/wp-json\/wp\/v2\/categories?post=21423"},{"taxonomy":"post_tag","embeddable":true,"href":"https:\/\/panoramatv.com.do\/index.php\/wp-json\/wp\/v2\/tags?post=21423"}],"curies":[{"name":"wp","href":"https:\/\/api.w.org\/{rel}","templated":true}]}}