{"id":21420,"date":"2026-08-31T11:40:01","date_gmt":"2026-08-31T15:40:01","guid":{"rendered":"https:\/\/panoramatv.com.do\/?p=21420"},"modified":"2026-08-31T11:40:02","modified_gmt":"2026-08-31T15:40:02","slug":"mendez-dispone-recuperar-tecnicos-especializados-para-fortalecer-el-intrant","status":"publish","type":"post","link":"https:\/\/panoramatv.com.do\/index.php\/2026\/08\/31\/mendez-dispone-recuperar-tecnicos-especializados-para-fortalecer-el-intrant\/","title":{"rendered":"M\u00e9ndez dispone recuperar t\u00e9cnicos especializados para fortalecer el INTRANT"},"content":{"rendered":"\n<p class=\"wp-block-paragraph\"><strong>Santo Domingo.\u2013<\/strong> El director ejecutivo del <strong>INTRANT, Juan Manuel M\u00e9ndez<\/strong>, inform\u00f3 que trabaja en identificar t\u00e9cnicos especializados que anteriormente laboraron en la instituci\u00f3n, con el objetivo de evaluar su reintegraci\u00f3n y fortalecer la capacidad t\u00e9cnica.<\/p>\n\n\n\n<p class=\"wp-block-paragraph\">M\u00e9ndez explic\u00f3 que prepara un <strong>plan de acciones a corto, mediano y largo plazo<\/strong> para abordar problemas del tr\u00e1nsito, incluyendo se\u00f1alizaci\u00f3n vial, giros a la izquierda, circulaci\u00f3n de veh\u00edculos pesados e inspecci\u00f3n t\u00e9cnica vehicular.<\/p>\n\n\n\n<p class=\"wp-block-paragraph\">Tambi\u00e9n destac\u00f3 los trabajos para mejorar puntos cr\u00edticos, como el <strong>kil\u00f3metro 9 de la autopista Duarte<\/strong>, donde realiz\u00f3 un recorrido para supervisar los avances del reordenamiento y la integraci\u00f3n del transporte p\u00fablico.<\/p>\n\n\n\n<p class=\"wp-block-paragraph\">Durante una entrevista con <strong>Nuria Piera<\/strong>, el funcionario comparti\u00f3 adem\u00e1s aspectos personales de su designaci\u00f3n y record\u00f3 la emotiva reacci\u00f3n de su hijo de ocho a\u00f1os al conocer su salida del COE, donde trabaj\u00f3 durante m\u00e1s de dos d\u00e9cadas.<\/p>\n\n\n<div class=\"wp-block-image\">\n<figure class=\"aligncenter size-full\"><img loading=\"lazy\" decoding=\"async\" width=\"1280\" height=\"853\" src=\"https:\/\/images.panoramatv.com.do\/wp-content\/uploads\/2026\/08\/TEC2.jpg\" alt=\"\" class=\"wp-image-21421\"\/><\/figure>\n<\/div>","protected":false},"excerpt":{"rendered":"<p>Santo Domingo.\u2013 El director ejecutivo del INTRANT, Juan Manuel M\u00e9ndez, inform\u00f3 que trabaja en identificar t\u00e9cnicos especializados que anteriormente laboraron en la instituci\u00f3n, con el objetivo de evaluar su reintegraci\u00f3n y fortalecer la capacidad t\u00e9cnica. M\u00e9ndez explic\u00f3 que prepara un plan de acciones a corto, mediano y largo plazo para abordar problemas del tr\u00e1nsito, incluyendo [&hellip;]<\/p>\n","protected":false},"author":1,"featured_media":21421,"comment_status":"open","ping_status":"open","sticky":false,"template":"","format":"standard","meta":{"_jetpack_memberships_contains_paid_content":false,"footnotes":"","jetpack_publicize_message":"","jetpack_publicize_feature_enabled":true,"jetpack_social_post_already_shared":true,"jetpack_social_options":{"image_generator_settings":{"template":"highway","enabled":false}}},"categories":[2793],"tags":[92,3768],"class_list":["post-21420","post","type-post","status-publish","format-standard","has-post-thumbnail","hentry","category-gobierno","tag-intrant","tag-juan-manuel-mendez"],"jetpack_publicize_connections":[],"jetpack_sharing_enabled":true,"jetpack_featured_media_url":"https:\/\/images.panoramatv.com.do\/wp-content\/uploads\/2026\/08\/TEC2.jpg","jetpack_likes_enabled":true,"jetpack-related-posts":[],"_links":{"self":[{"href":"https:\/\/panoramatv.com.do\/index.php\/wp-json\/wp\/v2\/posts\/21420","targetHints":{"allow":["GET"]}}],"collection":[{"href":"https:\/\/panoramatv.com.do\/index.php\/wp-json\/wp\/v2\/posts"}],"about":[{"href":"https:\/\/panoramatv.com.do\/index.php\/wp-json\/wp\/v2\/types\/post"}],"author":[{"embeddable":true,"href":"https:\/\/panoramatv.com.do\/index.php\/wp-json\/wp\/v2\/users\/1"}],"replies":[{"embeddable":true,"href":"https:\/\/panoramatv.com.do\/index.php\/wp-json\/wp\/v2\/comments?post=21420"}],"version-history":[{"count":1,"href":"https:\/\/panoramatv.com.do\/index.php\/wp-json\/wp\/v2\/posts\/21420\/revisions"}],"predecessor-version":[{"id":21422,"href":"https:\/\/panoramatv.com.do\/index.php\/wp-json\/wp\/v2\/posts\/21420\/revisions\/21422"}],"wp:featuredmedia":[{"embeddable":true,"href":"https:\/\/panoramatv.com.do\/index.php\/wp-json\/wp\/v2\/media\/21421"}],"wp:attachment":[{"href":"https:\/\/panoramatv.com.do\/index.php\/wp-json\/wp\/v2\/media?parent=21420"}],"wp:term":[{"taxonomy":"category","embeddable":true,"href":"https:\/\/panoramatv.com.do\/index.php\/wp-json\/wp\/v2\/categories?post=21420"},{"taxonomy":"post_tag","embeddable":true,"href":"https:\/\/panoramatv.com.do\/index.php\/wp-json\/wp\/v2\/tags?post=21420"}],"curies":[{"name":"wp","href":"https:\/\/api.w.org\/{rel}","templated":true}]}}