{"id":21413,"date":"2026-08-31T11:36:14","date_gmt":"2026-08-31T15:36:14","guid":{"rendered":"https:\/\/panoramatv.com.do\/?p=21413"},"modified":"2026-08-31T11:36:15","modified_gmt":"2026-08-31T15:36:15","slug":"hotel-catalonia-santo-domingo-celebra-jornada-de-agosto-con-actividades-especiales-para-huespedes-y-colaboradores","status":"publish","type":"post","link":"https:\/\/panoramatv.com.do\/index.php\/2026\/08\/31\/hotel-catalonia-santo-domingo-celebra-jornada-de-agosto-con-actividades-especiales-para-huespedes-y-colaboradores\/","title":{"rendered":"Hotel Catalonia Santo Domingo celebra jornada de agosto con actividades especiales para hu\u00e9spedes y colaboradores"},"content":{"rendered":"\n<p class=\"wp-block-paragraph\"><strong>Santo Domingo.\u2013<\/strong> El hotel <strong>Catalonia Santo Domingo<\/strong> celebr\u00f3 durante una semana su tradicional jornada de agosto, con actividades especiales, sorpresas, obsequios y experiencias para ejecutivos, colaboradores, hu\u00e9spedes y clientes.<\/p>\n\n\n\n<p class=\"wp-block-paragraph\">La celebraci\u00f3n inici\u00f3 el <strong>lunes 24 de agosto<\/strong> con un c\u00f3ctel de apertura en el lobby, encabezado por el gerente general, V\u00edctor Cruz, y la directora comercial, Kenia Mu\u00f1oz, acompa\u00f1ado de m\u00fasica y gastronom\u00eda.<\/p>\n\n\n\n<p class=\"wp-block-paragraph\">El martes 25, los clientes disfrutaron de una experiencia dominicana durante el desayuno en el restaurante <strong>Sea Blue<\/strong>, con una estaci\u00f3n de cocos de agua fr\u00edos. El mi\u00e9rcoles 26, el restaurante <strong>Filigrana<\/strong> ofreci\u00f3 descuentos especiales durante todo el d\u00eda.<\/p>\n\n\n\n<p class=\"wp-block-paragraph\">La semana continu\u00f3 el jueves 27 con el <strong>Tasting Christmas Party<\/strong>, que transform\u00f3 el hotel con una ambientaci\u00f3n inspirada en el tema <strong>\u201cGatsby Splendor\u201d<\/strong>, combinando elegancia, brillo y un ambiente festivo.<\/p>\n\n\n\n<figure class=\"wp-block-image size-large\"><img loading=\"lazy\" decoding=\"async\" width=\"1024\" height=\"683\" src=\"https:\/\/images.panoramatv.com.do\/wp-content\/uploads\/2026\/08\/Z630945-1024x683.jpg\" alt=\"\" class=\"wp-image-21414\" srcset=\"https:\/\/images.panoramatv.com.do\/wp-content\/uploads\/2026\/08\/Z630945-1024x683.jpg 1024w, https:\/\/images.panoramatv.com.do\/wp-content\/uploads\/2026\/08\/Z630945-300x200.jpg 300w, https:\/\/images.panoramatv.com.do\/wp-content\/uploads\/2026\/08\/Z630945-768x512.jpg 768w, https:\/\/images.panoramatv.com.do\/wp-content\/uploads\/2026\/08\/Z630945-1536x1024.jpg 1536w, https:\/\/images.panoramatv.com.do\/wp-content\/uploads\/2026\/08\/Z630945-2048x1365.jpg 2048w, https:\/\/images.panoramatv.com.do\/wp-content\/uploads\/2026\/08\/Z630945-750x500.jpg 750w, https:\/\/images.panoramatv.com.do\/wp-content\/uploads\/2026\/08\/Z630945-1140x760.jpg 1140w, https:\/\/images.panoramatv.com.do\/wp-content\/uploads\/2026\/08\/Z630945-scaled.jpg 2560w\" sizes=\"auto, (max-width: 1024px) 100vw, 1024px\" \/><\/figure>\n","protected":false},"excerpt":{"rendered":"<p>Santo Domingo.\u2013 El hotel Catalonia Santo Domingo celebr\u00f3 durante una semana su tradicional jornada de agosto, con actividades especiales, sorpresas, obsequios y experiencias para ejecutivos, colaboradores, hu\u00e9spedes y clientes. La celebraci\u00f3n inici\u00f3 el lunes 24 de agosto con un c\u00f3ctel de apertura en el lobby, encabezado por el gerente general, V\u00edctor Cruz, y la directora [&hellip;]<\/p>\n","protected":false},"author":1,"featured_media":21414,"comment_status":"open","ping_status":"open","sticky":false,"template":"","format":"standard","meta":{"_jetpack_memberships_contains_paid_content":false,"footnotes":"","jetpack_publicize_message":"","jetpack_publicize_feature_enabled":true,"jetpack_social_post_already_shared":true,"jetpack_social_options":{"image_generator_settings":{"template":"highway","enabled":false}}},"categories":[10],"tags":[3766,77],"class_list":["post-21413","post","type-post","status-publish","format-standard","has-post-thumbnail","hentry","category-panorama-social","tag-hotel-catalonia-santo-domingo","tag-turismo"],"jetpack_publicize_connections":[],"jetpack_sharing_enabled":true,"jetpack_featured_media_url":"https:\/\/images.panoramatv.com.do\/wp-content\/uploads\/2026\/08\/Z630945-scaled.jpg","jetpack_likes_enabled":true,"jetpack-related-posts":[],"_links":{"self":[{"href":"https:\/\/panoramatv.com.do\/index.php\/wp-json\/wp\/v2\/posts\/21413","targetHints":{"allow":["GET"]}}],"collection":[{"href":"https:\/\/panoramatv.com.do\/index.php\/wp-json\/wp\/v2\/posts"}],"about":[{"href":"https:\/\/panoramatv.com.do\/index.php\/wp-json\/wp\/v2\/types\/post"}],"author":[{"embeddable":true,"href":"https:\/\/panoramatv.com.do\/index.php\/wp-json\/wp\/v2\/users\/1"}],"replies":[{"embeddable":true,"href":"https:\/\/panoramatv.com.do\/index.php\/wp-json\/wp\/v2\/comments?post=21413"}],"version-history":[{"count":1,"href":"https:\/\/panoramatv.com.do\/index.php\/wp-json\/wp\/v2\/posts\/21413\/revisions"}],"predecessor-version":[{"id":21415,"href":"https:\/\/panoramatv.com.do\/index.php\/wp-json\/wp\/v2\/posts\/21413\/revisions\/21415"}],"wp:featuredmedia":[{"embeddable":true,"href":"https:\/\/panoramatv.com.do\/index.php\/wp-json\/wp\/v2\/media\/21414"}],"wp:attachment":[{"href":"https:\/\/panoramatv.com.do\/index.php\/wp-json\/wp\/v2\/media?parent=21413"}],"wp:term":[{"taxonomy":"category","embeddable":true,"href":"https:\/\/panoramatv.com.do\/index.php\/wp-json\/wp\/v2\/categories?post=21413"},{"taxonomy":"post_tag","embeddable":true,"href":"https:\/\/panoramatv.com.do\/index.php\/wp-json\/wp\/v2\/tags?post=21413"}],"curies":[{"name":"wp","href":"https:\/\/api.w.org\/{rel}","templated":true}]}}