{"id":21409,"date":"2026-08-31T11:32:46","date_gmt":"2026-08-31T15:32:46","guid":{"rendered":"https:\/\/panoramatv.com.do\/?p=21409"},"modified":"2026-08-31T11:32:47","modified_gmt":"2026-08-31T15:32:47","slug":"foro-caribe-naranja-2026-reflexionara-sobre-creatividad-humana-frente-a-la-inteligencia-artificial","status":"publish","type":"post","link":"https:\/\/panoramatv.com.do\/index.php\/2026\/08\/31\/foro-caribe-naranja-2026-reflexionara-sobre-creatividad-humana-frente-a-la-inteligencia-artificial\/","title":{"rendered":"Foro Caribe Naranja 2026 reflexionar\u00e1 sobre creatividad humana frente a la inteligencia artificial"},"content":{"rendered":"\n<p class=\"wp-block-paragraph\"><strong>Santo Domingo.\u2013<\/strong> La sexta edici\u00f3n del <strong>Foro Caribe Naranja<\/strong> se celebrar\u00e1 el 6 de octubre de 2026 bajo el lema <strong>\u201cCreatividad humana: lo que la IA no puede imaginar\u201d<\/strong>, con el objetivo de reflexionar sobre el valor de la creatividad y la identidad frente a la inteligencia artificial.<\/p>\n\n\n\n<p class=\"wp-block-paragraph\">El evento reunir\u00e1 a <strong>l\u00edderes empresariales y representantes de instituciones p\u00fablicas<\/strong>, para analizar los desaf\u00edos de la transformaci\u00f3n tecnol\u00f3gica y convertirlos en oportunidades de desarrollo para las industrias culturales y creativas.<\/p>\n\n\n\n<p class=\"wp-block-paragraph\">La jornada incluir\u00e1 <strong>conferencias, paneles, networking y la participaci\u00f3n de expertos internacionales<\/strong>, abordando temas como profesionalizaci\u00f3n, financiamiento, digitalizaci\u00f3n de la cultura y modelos de negocio sostenibles.<\/p>\n\n\n\n<p class=\"wp-block-paragraph\">Sus organizadores destacan que la <strong>inteligencia artificial debe verse como una herramienta para potenciar el talento humano<\/strong>, mientras la imaginaci\u00f3n, sensibilidad, identidad y pensamiento cr\u00edtico contin\u00faan siendo esenciales para impulsar la innovaci\u00f3n.<\/p>\n\n\n<div class=\"wp-block-image\">\n<figure class=\"aligncenter size-full\"><img loading=\"lazy\" decoding=\"async\" width=\"2048\" height=\"1365\" src=\"https:\/\/images.panoramatv.com.do\/wp-content\/uploads\/2026\/08\/Angel-Rosario-Pamela-Pitizia-Arlette-Palacio-y-Jose-Grateraux-1.jpg\" alt=\"\" class=\"wp-image-21411\"\/><\/figure>\n<\/div>","protected":false},"excerpt":{"rendered":"<p>Santo Domingo.\u2013 La sexta edici\u00f3n del Foro Caribe Naranja se celebrar\u00e1 el 6 de octubre de 2026 bajo el lema \u201cCreatividad humana: lo que la IA no puede imaginar\u201d, con el objetivo de reflexionar sobre el valor de la creatividad y la identidad frente a la inteligencia artificial. El evento reunir\u00e1 a l\u00edderes empresariales y [&hellip;]<\/p>\n","protected":false},"author":1,"featured_media":21411,"comment_status":"open","ping_status":"open","sticky":false,"template":"","format":"standard","meta":{"_jetpack_memberships_contains_paid_content":false,"footnotes":"","jetpack_publicize_message":"","jetpack_publicize_feature_enabled":true,"jetpack_social_post_already_shared":true,"jetpack_social_options":{"image_generator_settings":{"template":"highway","enabled":false}}},"categories":[10],"tags":[3765,2015],"class_list":["post-21409","post","type-post","status-publish","format-standard","has-post-thumbnail","hentry","category-panorama-social","tag-foro-caribe-naranja","tag-inteligencia-artificial"],"jetpack_publicize_connections":[],"jetpack_sharing_enabled":true,"jetpack_featured_media_url":"https:\/\/images.panoramatv.com.do\/wp-content\/uploads\/2026\/08\/Angel-Rosario-Pamela-Pitizia-Arlette-Palacio-y-Jose-Grateraux-1.jpg","jetpack_likes_enabled":true,"jetpack-related-posts":[],"_links":{"self":[{"href":"https:\/\/panoramatv.com.do\/index.php\/wp-json\/wp\/v2\/posts\/21409","targetHints":{"allow":["GET"]}}],"collection":[{"href":"https:\/\/panoramatv.com.do\/index.php\/wp-json\/wp\/v2\/posts"}],"about":[{"href":"https:\/\/panoramatv.com.do\/index.php\/wp-json\/wp\/v2\/types\/post"}],"author":[{"embeddable":true,"href":"https:\/\/panoramatv.com.do\/index.php\/wp-json\/wp\/v2\/users\/1"}],"replies":[{"embeddable":true,"href":"https:\/\/panoramatv.com.do\/index.php\/wp-json\/wp\/v2\/comments?post=21409"}],"version-history":[{"count":1,"href":"https:\/\/panoramatv.com.do\/index.php\/wp-json\/wp\/v2\/posts\/21409\/revisions"}],"predecessor-version":[{"id":21412,"href":"https:\/\/panoramatv.com.do\/index.php\/wp-json\/wp\/v2\/posts\/21409\/revisions\/21412"}],"wp:featuredmedia":[{"embeddable":true,"href":"https:\/\/panoramatv.com.do\/index.php\/wp-json\/wp\/v2\/media\/21411"}],"wp:attachment":[{"href":"https:\/\/panoramatv.com.do\/index.php\/wp-json\/wp\/v2\/media?parent=21409"}],"wp:term":[{"taxonomy":"category","embeddable":true,"href":"https:\/\/panoramatv.com.do\/index.php\/wp-json\/wp\/v2\/categories?post=21409"},{"taxonomy":"post_tag","embeddable":true,"href":"https:\/\/panoramatv.com.do\/index.php\/wp-json\/wp\/v2\/tags?post=21409"}],"curies":[{"name":"wp","href":"https:\/\/api.w.org\/{rel}","templated":true}]}}