{"id":21405,"date":"2026-08-31T11:31:27","date_gmt":"2026-08-31T15:31:27","guid":{"rendered":"https:\/\/panoramatv.com.do\/?p=21405"},"modified":"2026-08-31T11:31:29","modified_gmt":"2026-08-31T15:31:29","slug":"gabinete-de-politica-social-atiende-a-mas-de-700-familias-en-jornada-de-inclusion-en-los-rios","status":"publish","type":"post","link":"https:\/\/panoramatv.com.do\/index.php\/2026\/08\/31\/gabinete-de-politica-social-atiende-a-mas-de-700-familias-en-jornada-de-inclusion-en-los-rios\/","title":{"rendered":"Gabinete de Pol\u00edtica Social atiende a m\u00e1s de 700 familias en jornada de inclusi\u00f3n en Los R\u00edos"},"content":{"rendered":"\n<p class=\"wp-block-paragraph\"><strong>Santo Domingo.\u2013<\/strong> El Gabinete de Pol\u00edtica Social realiz\u00f3 una jornada de inclusi\u00f3n social en la escuela Costa Rica, en Los R\u00edos, donde <strong>m\u00e1s de 700 familias<\/strong> recibieron servicios de salud, alimentaci\u00f3n, seguridad social, asistencia jur\u00eddica y protecci\u00f3n social.<\/p>\n\n\n\n<p class=\"wp-block-paragraph\">Durante la jornada se entregaron alimentos a las familias, mientras adultos mayores recibieron vitaminas y se ofrecieron asistencias jur\u00eddicas. Adem\u00e1s, se realizaron pruebas de glicemia y evaluaciones cardiovasculares para la prevenci\u00f3n de enfermedades.<\/p>\n\n\n\n<p class=\"wp-block-paragraph\"><strong>SeNaSa<\/strong> facilit\u00f3 nuevos carn\u00e9s, afiliaciones y reafiliaciones, mientras <strong>CEDI-Mujer<\/strong> impact\u00f3 a 89 mujeres con materiales informativos y una charla sobre prevenci\u00f3n y atenci\u00f3n integral.<\/p>\n\n\n\n<p class=\"wp-block-paragraph\">La coordinadora del Gabinete, <strong>Geanilda V\u00e1squez<\/strong>, llam\u00f3 a los l\u00edderes comunitarios a identificar a las familias m\u00e1s vulnerables para gestionar soluciones a sus necesidades. La jornada tambi\u00e9n permiti\u00f3 orientar a los residentes sobre los programas sociales de <strong>Sup\u00e9rate<\/strong>.<\/p>\n\n\n<div class=\"wp-block-image\">\n<figure class=\"aligncenter size-full\"><img loading=\"lazy\" decoding=\"async\" width=\"1280\" height=\"853\" src=\"https:\/\/images.panoramatv.com.do\/wp-content\/uploads\/2026\/08\/Gabinetientos-de-familias2-1.jpeg\" alt=\"\" class=\"wp-image-21407\"\/><\/figure>\n<\/div>","protected":false},"excerpt":{"rendered":"<p>Santo Domingo.\u2013 El Gabinete de Pol\u00edtica Social realiz\u00f3 una jornada de inclusi\u00f3n social en la escuela Costa Rica, en Los R\u00edos, donde m\u00e1s de 700 familias recibieron servicios de salud, alimentaci\u00f3n, seguridad social, asistencia jur\u00eddica y protecci\u00f3n social. Durante la jornada se entregaron alimentos a las familias, mientras adultos mayores recibieron vitaminas y se ofrecieron [&hellip;]<\/p>\n","protected":false},"author":1,"featured_media":21407,"comment_status":"open","ping_status":"open","sticky":false,"template":"","format":"standard","meta":{"_jetpack_memberships_contains_paid_content":false,"footnotes":"","jetpack_publicize_message":"","jetpack_publicize_feature_enabled":true,"jetpack_social_post_already_shared":true,"jetpack_social_options":{"image_generator_settings":{"template":"highway","enabled":false}}},"categories":[2799],"tags":[260,3504],"class_list":["post-21405","post","type-post","status-publish","format-standard","has-post-thumbnail","hentry","category-gabinete-politicas-sociales","tag-gabinete-de-politica-social","tag-inclusion-social"],"jetpack_publicize_connections":[],"jetpack_sharing_enabled":true,"jetpack_featured_media_url":"https:\/\/images.panoramatv.com.do\/wp-content\/uploads\/2026\/08\/Gabinetientos-de-familias2-1.jpeg","jetpack_likes_enabled":true,"jetpack-related-posts":[],"_links":{"self":[{"href":"https:\/\/panoramatv.com.do\/index.php\/wp-json\/wp\/v2\/posts\/21405","targetHints":{"allow":["GET"]}}],"collection":[{"href":"https:\/\/panoramatv.com.do\/index.php\/wp-json\/wp\/v2\/posts"}],"about":[{"href":"https:\/\/panoramatv.com.do\/index.php\/wp-json\/wp\/v2\/types\/post"}],"author":[{"embeddable":true,"href":"https:\/\/panoramatv.com.do\/index.php\/wp-json\/wp\/v2\/users\/1"}],"replies":[{"embeddable":true,"href":"https:\/\/panoramatv.com.do\/index.php\/wp-json\/wp\/v2\/comments?post=21405"}],"version-history":[{"count":1,"href":"https:\/\/panoramatv.com.do\/index.php\/wp-json\/wp\/v2\/posts\/21405\/revisions"}],"predecessor-version":[{"id":21408,"href":"https:\/\/panoramatv.com.do\/index.php\/wp-json\/wp\/v2\/posts\/21405\/revisions\/21408"}],"wp:featuredmedia":[{"embeddable":true,"href":"https:\/\/panoramatv.com.do\/index.php\/wp-json\/wp\/v2\/media\/21407"}],"wp:attachment":[{"href":"https:\/\/panoramatv.com.do\/index.php\/wp-json\/wp\/v2\/media?parent=21405"}],"wp:term":[{"taxonomy":"category","embeddable":true,"href":"https:\/\/panoramatv.com.do\/index.php\/wp-json\/wp\/v2\/categories?post=21405"},{"taxonomy":"post_tag","embeddable":true,"href":"https:\/\/panoramatv.com.do\/index.php\/wp-json\/wp\/v2\/tags?post=21405"}],"curies":[{"name":"wp","href":"https:\/\/api.w.org\/{rel}","templated":true}]}}