{"id":21400,"date":"2026-08-31T11:27:53","date_gmt":"2026-08-31T15:27:53","guid":{"rendered":"https:\/\/panoramatv.com.do\/?p=21400"},"modified":"2026-08-31T11:27:55","modified_gmt":"2026-08-31T15:27:55","slug":"21400","status":"publish","type":"post","link":"https:\/\/panoramatv.com.do\/index.php\/2026\/08\/31\/21400\/","title":{"rendered":""},"content":{"rendered":"\n<p class=\"wp-block-paragraph\"><strong>Barahona.\u2013<\/strong> La coordinadora del Gabinete de Pol\u00edtica Social, <strong>Geanilda V\u00e1squez<\/strong>, encabez\u00f3 el XXVII Encuentro de Orientaci\u00f3n Vocacional de <strong>Oportunidad 14-24<\/strong>, realizado en la UASD recinto Barahona, para acercar a los j\u00f3venes a oportunidades de formaci\u00f3n y empleo en \u00e1reas STEM.<\/p>\n\n\n\n<p class=\"wp-block-paragraph\">Bajo el lema <strong>\u201cConectando con el futuro\u201d<\/strong>, los participantes conocieron opciones vinculadas con rob\u00f3tica, mecatr\u00f3nica, ciberseguridad, tecnolog\u00eda y an\u00e1lisis de datos, adem\u00e1s de participar en el panel \u201cEmpleos del futuro\u201d.<\/p>\n\n\n\n<p class=\"wp-block-paragraph\">El encuentro incluy\u00f3 un espacio sobre <strong>\u201cMujeres en el mundo de la ciencia y tecnolog\u00eda\u201d<\/strong>, destinado a destacar sus experiencias, logros y desaf\u00edos, y motivar a las j\u00f3venes a considerar carreras relacionadas con las \u00e1reas STEM.<\/p>\n\n\n\n<p class=\"wp-block-paragraph\">V\u00e1squez y el director de Oportunidad 14-24, <strong>Alex Mord\u00e1n<\/strong>, resaltaron la importancia de orientar a los j\u00f3venes para identificar sus talentos y prepararse ante las nuevas oportunidades que ofrece la ciencia, la tecnolog\u00eda y la innovaci\u00f3n.<\/p>\n\n\n\n<figure class=\"wp-block-gallery has-nested-images columns-default is-cropped wp-block-gallery-1 is-layout-flex wp-block-gallery-is-layout-flex\">\n<figure class=\"wp-block-image size-large\"><img loading=\"lazy\" decoding=\"async\" width=\"1280\" height=\"853\" data-id=\"21402\" src=\"https:\/\/images.panoramatv.com.do\/wp-content\/uploads\/2026\/08\/Gs-op.jpeg\" alt=\"\" class=\"wp-image-21402\"\/><\/figure>\n\n\n\n<figure class=\"wp-block-image size-large\"><img loading=\"lazy\" decoding=\"async\" width=\"1280\" height=\"853\" data-id=\"21401\" src=\"https:\/\/images.panoramatv.com.do\/wp-content\/uploads\/2026\/08\/Gabinete0.jpeg\" alt=\"\" class=\"wp-image-21401\"\/><\/figure>\n<\/figure>\n\n\n\n<figure class=\"wp-block-image size-full\"><img loading=\"lazy\" decoding=\"async\" width=\"1280\" height=\"853\" src=\"https:\/\/images.panoramatv.com.do\/wp-content\/uploads\/2026\/08\/Gabine-la-tecnologia-5.jpeg\" alt=\"\" class=\"wp-image-21403\"\/><\/figure>\n","protected":false},"excerpt":{"rendered":"<p>Barahona.\u2013 La coordinadora del Gabinete de Pol\u00edtica Social, Geanilda V\u00e1squez, encabez\u00f3 el XXVII Encuentro de Orientaci\u00f3n Vocacional de Oportunidad 14-24, realizado en la UASD recinto Barahona, para acercar a los j\u00f3venes a oportunidades de formaci\u00f3n y empleo en \u00e1reas STEM. Bajo el lema \u201cConectando con el futuro\u201d, los participantes conocieron opciones vinculadas con rob\u00f3tica, mecatr\u00f3nica, [&hellip;]<\/p>\n","protected":false},"author":1,"featured_media":21402,"comment_status":"open","ping_status":"open","sticky":false,"template":"","format":"standard","meta":{"_jetpack_memberships_contains_paid_content":false,"footnotes":"","jetpack_publicize_message":"","jetpack_publicize_feature_enabled":true,"jetpack_social_post_already_shared":true,"jetpack_social_options":{"image_generator_settings":{"template":"highway","enabled":false}}},"categories":[2794],"tags":[319,3764],"class_list":["post-21400","post","type-post","status-publish","format-standard","has-post-thumbnail","hentry","category-educacion","tag-oportunidad-14-24","tag-orientacion-vocacional"],"jetpack_publicize_connections":[],"jetpack_sharing_enabled":true,"jetpack_featured_media_url":"https:\/\/images.panoramatv.com.do\/wp-content\/uploads\/2026\/08\/Gs-op.jpeg","jetpack_likes_enabled":true,"jetpack-related-posts":[],"_links":{"self":[{"href":"https:\/\/panoramatv.com.do\/index.php\/wp-json\/wp\/v2\/posts\/21400","targetHints":{"allow":["GET"]}}],"collection":[{"href":"https:\/\/panoramatv.com.do\/index.php\/wp-json\/wp\/v2\/posts"}],"about":[{"href":"https:\/\/panoramatv.com.do\/index.php\/wp-json\/wp\/v2\/types\/post"}],"author":[{"embeddable":true,"href":"https:\/\/panoramatv.com.do\/index.php\/wp-json\/wp\/v2\/users\/1"}],"replies":[{"embeddable":true,"href":"https:\/\/panoramatv.com.do\/index.php\/wp-json\/wp\/v2\/comments?post=21400"}],"version-history":[{"count":1,"href":"https:\/\/panoramatv.com.do\/index.php\/wp-json\/wp\/v2\/posts\/21400\/revisions"}],"predecessor-version":[{"id":21404,"href":"https:\/\/panoramatv.com.do\/index.php\/wp-json\/wp\/v2\/posts\/21400\/revisions\/21404"}],"wp:featuredmedia":[{"embeddable":true,"href":"https:\/\/panoramatv.com.do\/index.php\/wp-json\/wp\/v2\/media\/21402"}],"wp:attachment":[{"href":"https:\/\/panoramatv.com.do\/index.php\/wp-json\/wp\/v2\/media?parent=21400"}],"wp:term":[{"taxonomy":"category","embeddable":true,"href":"https:\/\/panoramatv.com.do\/index.php\/wp-json\/wp\/v2\/categories?post=21400"},{"taxonomy":"post_tag","embeddable":true,"href":"https:\/\/panoramatv.com.do\/index.php\/wp-json\/wp\/v2\/tags?post=21400"}],"curies":[{"name":"wp","href":"https:\/\/api.w.org\/{rel}","templated":true}]}}