{"id":21397,"date":"2026-08-31T11:22:04","date_gmt":"2026-08-31T15:22:04","guid":{"rendered":"https:\/\/panoramatv.com.do\/?p=21397"},"modified":"2026-08-31T11:22:06","modified_gmt":"2026-08-31T15:22:06","slug":"eted-realizara-mantenimiento-preventivo-en-linea-69-kv-haina-herrera-para-fortalecer-la-red","status":"publish","type":"post","link":"https:\/\/panoramatv.com.do\/index.php\/2026\/08\/31\/eted-realizara-mantenimiento-preventivo-en-linea-69-kv-haina-herrera-para-fortalecer-la-red\/","title":{"rendered":"ETED realizar\u00e1 mantenimiento preventivo en l\u00ednea 69 kV Haina\u2013Herrera para fortalecer la red"},"content":{"rendered":"\n<p class=\"wp-block-paragraph\"><strong>Santo Domingo, RD.\u2013<\/strong> La ETED realizar\u00e1 este s\u00e1bado 29 de agosto trabajos de mantenimiento y reemplazo de estructuras deterioradas en la l\u00ednea de transmisi\u00f3n <strong>69 kV Haina\u2013Herrera Nueva\u2013Metropolitano L3<\/strong>.<\/p>\n\n\n\n<p class=\"wp-block-paragraph\">Los trabajos se desarrollar\u00e1n de <strong>8:00 a. m. a 2:00 p. m.<\/strong>, provocando interrupciones del servicio el\u00e9ctrico en varios sectores del Distrito Nacional, entre ellos <strong>El Mill\u00f3n, Los Prados, Piantini, Naco, Bella Vista y La Julia<\/strong>.<\/p>\n\n\n\n<p class=\"wp-block-paragraph\">Tambi\u00e9n podr\u00edan verse afectados de manera transitoria <strong>Torginol y Pl\u00e1stico Flexible<\/strong>, adem\u00e1s de instituciones y empresas como Claro Dominicana, Banco Popular, List\u00edn Diario, CEDIMAT y Plaza de la Salud.<\/p>\n\n\n\n<p class=\"wp-block-paragraph\">ETED inform\u00f3 que la intervenci\u00f3n busca <strong>prevenir riesgos, mantener la infraestructura en condiciones adecuadas y fortalecer la confiabilidad de la red el\u00e9ctrica<\/strong>.<\/p>\n\n\n\n<figure class=\"wp-block-image size-full\"><img loading=\"lazy\" decoding=\"async\" width=\"1600\" height=\"1018\" src=\"https:\/\/images.panoramatv.com.do\/wp-content\/uploads\/2026\/08\/Manntto.jpeg\" alt=\"\" class=\"wp-image-21398\"\/><\/figure>\n","protected":false},"excerpt":{"rendered":"<p>Santo Domingo, RD.\u2013 La ETED realizar\u00e1 este s\u00e1bado 29 de agosto trabajos de mantenimiento y reemplazo de estructuras deterioradas en la l\u00ednea de transmisi\u00f3n 69 kV Haina\u2013Herrera Nueva\u2013Metropolitano L3. Los trabajos se desarrollar\u00e1n de 8:00 a. m. a 2:00 p. m., provocando interrupciones del servicio el\u00e9ctrico en varios sectores del Distrito Nacional, entre ellos El [&hellip;]<\/p>\n","protected":false},"author":1,"featured_media":21398,"comment_status":"open","ping_status":"open","sticky":false,"template":"","format":"standard","meta":{"_jetpack_memberships_contains_paid_content":false,"footnotes":"","jetpack_publicize_message":"","jetpack_publicize_feature_enabled":true,"jetpack_social_post_already_shared":true,"jetpack_social_options":{"image_generator_settings":{"template":"highway","enabled":false}}},"categories":[2791],"tags":[3763,3255],"class_list":["post-21397","post","type-post","status-publish","format-standard","has-post-thumbnail","hentry","category-energia","tag-corte-de-electricidad","tag-eted"],"jetpack_publicize_connections":[],"jetpack_sharing_enabled":true,"jetpack_featured_media_url":"https:\/\/images.panoramatv.com.do\/wp-content\/uploads\/2026\/08\/Manntto.jpeg","jetpack_likes_enabled":true,"jetpack-related-posts":[],"_links":{"self":[{"href":"https:\/\/panoramatv.com.do\/index.php\/wp-json\/wp\/v2\/posts\/21397","targetHints":{"allow":["GET"]}}],"collection":[{"href":"https:\/\/panoramatv.com.do\/index.php\/wp-json\/wp\/v2\/posts"}],"about":[{"href":"https:\/\/panoramatv.com.do\/index.php\/wp-json\/wp\/v2\/types\/post"}],"author":[{"embeddable":true,"href":"https:\/\/panoramatv.com.do\/index.php\/wp-json\/wp\/v2\/users\/1"}],"replies":[{"embeddable":true,"href":"https:\/\/panoramatv.com.do\/index.php\/wp-json\/wp\/v2\/comments?post=21397"}],"version-history":[{"count":1,"href":"https:\/\/panoramatv.com.do\/index.php\/wp-json\/wp\/v2\/posts\/21397\/revisions"}],"predecessor-version":[{"id":21399,"href":"https:\/\/panoramatv.com.do\/index.php\/wp-json\/wp\/v2\/posts\/21397\/revisions\/21399"}],"wp:featuredmedia":[{"embeddable":true,"href":"https:\/\/panoramatv.com.do\/index.php\/wp-json\/wp\/v2\/media\/21398"}],"wp:attachment":[{"href":"https:\/\/panoramatv.com.do\/index.php\/wp-json\/wp\/v2\/media?parent=21397"}],"wp:term":[{"taxonomy":"category","embeddable":true,"href":"https:\/\/panoramatv.com.do\/index.php\/wp-json\/wp\/v2\/categories?post=21397"},{"taxonomy":"post_tag","embeddable":true,"href":"https:\/\/panoramatv.com.do\/index.php\/wp-json\/wp\/v2\/tags?post=21397"}],"curies":[{"name":"wp","href":"https:\/\/api.w.org\/{rel}","templated":true}]}}