{"id":21394,"date":"2026-08-31T11:13:49","date_gmt":"2026-08-31T15:13:49","guid":{"rendered":"https:\/\/panoramatv.com.do\/?p=21394"},"modified":"2026-08-31T11:13:51","modified_gmt":"2026-08-31T15:13:51","slug":"david-collado-lanza-en-puerto-plata-el-programa-nacional-turismo-cerca-de-ti","status":"publish","type":"post","link":"https:\/\/panoramatv.com.do\/index.php\/2026\/08\/31\/david-collado-lanza-en-puerto-plata-el-programa-nacional-turismo-cerca-de-ti\/","title":{"rendered":"David Collado lanza en Puerto Plata el programa nacional \u201cTurismo Cerca de Ti\u201d."},"content":{"rendered":"\n<p class=\"wp-block-paragraph\"><strong>Puerto Plata.\u2013<\/strong> El ministro de Turismo, <strong>David Collado<\/strong>, encabez\u00f3 el lanzamiento nacional del programa <strong>\u201cTurismo Cerca de Ti\u201d<\/strong>, iniciativa que busca fortalecer la sostenibilidad, seguridad, calidad y organizaci\u00f3n de los destinos tur\u00edsticos del pa\u00eds.<\/p>\n\n\n\n<p class=\"wp-block-paragraph\">Collado explic\u00f3 que el programa parte de la visi\u00f3n de que <strong>\u201cel turismo se construye con la gente y para la gente\u201d<\/strong>, destacando el papel de las comunidades y de quienes integran la actividad tur\u00edstica.<\/p>\n\n\n\n<p class=\"wp-block-paragraph\">El ministro afirm\u00f3 que <strong>Rep\u00fablica Dominicana es un destino seguro<\/strong>, y asegur\u00f3 que continuar\u00e1n trabajando para elevar los niveles de seguridad, organizaci\u00f3n, calidad y sostenibilidad.<\/p>\n\n\n\n<p class=\"wp-block-paragraph\">El lanzamiento reuni\u00f3 a representantes de toda la <strong>cadena de valor tur\u00edstica de Puerto Plata<\/strong>, incluyendo autoridades, comunidades, empresarios, hoteleros, comerciantes, gu\u00edas, artesanos, taxistas y otros prestadores de servicios.<\/p>\n\n\n\n<figure class=\"wp-block-image size-full\"><img loading=\"lazy\" decoding=\"async\" width=\"1206\" height=\"694\" src=\"https:\/\/images.panoramatv.com.do\/wp-content\/uploads\/2026\/08\/PHOTO-2026-08-27-17-57-08.jpg\" alt=\"\" class=\"wp-image-21395\"\/><\/figure>\n","protected":false},"excerpt":{"rendered":"<p>Puerto Plata.\u2013 El ministro de Turismo, David Collado, encabez\u00f3 el lanzamiento nacional del programa \u201cTurismo Cerca de Ti\u201d, iniciativa que busca fortalecer la sostenibilidad, seguridad, calidad y organizaci\u00f3n de los destinos tur\u00edsticos del pa\u00eds. Collado explic\u00f3 que el programa parte de la visi\u00f3n de que \u201cel turismo se construye con la gente y para la [&hellip;]<\/p>\n","protected":false},"author":1,"featured_media":21395,"comment_status":"open","ping_status":"open","sticky":false,"template":"","format":"standard","meta":{"_jetpack_memberships_contains_paid_content":false,"footnotes":"","jetpack_publicize_message":"","jetpack_publicize_feature_enabled":true,"jetpack_social_post_already_shared":true,"jetpack_social_options":{"image_generator_settings":{"template":"highway","enabled":false}}},"categories":[44],"tags":[1751,77],"class_list":["post-21394","post","type-post","status-publish","format-standard","has-post-thumbnail","hentry","category-panorama-turistico","tag-sostenibilidad","tag-turismo"],"jetpack_publicize_connections":[],"jetpack_sharing_enabled":true,"jetpack_featured_media_url":"https:\/\/images.panoramatv.com.do\/wp-content\/uploads\/2026\/08\/PHOTO-2026-08-27-17-57-08.jpg","jetpack_likes_enabled":true,"jetpack-related-posts":[],"_links":{"self":[{"href":"https:\/\/panoramatv.com.do\/index.php\/wp-json\/wp\/v2\/posts\/21394","targetHints":{"allow":["GET"]}}],"collection":[{"href":"https:\/\/panoramatv.com.do\/index.php\/wp-json\/wp\/v2\/posts"}],"about":[{"href":"https:\/\/panoramatv.com.do\/index.php\/wp-json\/wp\/v2\/types\/post"}],"author":[{"embeddable":true,"href":"https:\/\/panoramatv.com.do\/index.php\/wp-json\/wp\/v2\/users\/1"}],"replies":[{"embeddable":true,"href":"https:\/\/panoramatv.com.do\/index.php\/wp-json\/wp\/v2\/comments?post=21394"}],"version-history":[{"count":1,"href":"https:\/\/panoramatv.com.do\/index.php\/wp-json\/wp\/v2\/posts\/21394\/revisions"}],"predecessor-version":[{"id":21396,"href":"https:\/\/panoramatv.com.do\/index.php\/wp-json\/wp\/v2\/posts\/21394\/revisions\/21396"}],"wp:featuredmedia":[{"embeddable":true,"href":"https:\/\/panoramatv.com.do\/index.php\/wp-json\/wp\/v2\/media\/21395"}],"wp:attachment":[{"href":"https:\/\/panoramatv.com.do\/index.php\/wp-json\/wp\/v2\/media?parent=21394"}],"wp:term":[{"taxonomy":"category","embeddable":true,"href":"https:\/\/panoramatv.com.do\/index.php\/wp-json\/wp\/v2\/categories?post=21394"},{"taxonomy":"post_tag","embeddable":true,"href":"https:\/\/panoramatv.com.do\/index.php\/wp-json\/wp\/v2\/tags?post=21394"}],"curies":[{"name":"wp","href":"https:\/\/api.w.org\/{rel}","templated":true}]}}