{"id":21391,"date":"2026-08-31T11:11:57","date_gmt":"2026-08-31T15:11:57","guid":{"rendered":"https:\/\/panoramatv.com.do\/?p=21391"},"modified":"2026-08-31T11:11:58","modified_gmt":"2026-08-31T15:11:58","slug":"david-collado-inaugura-parador-fotografico-en-punta-rucia-puerto-plata","status":"publish","type":"post","link":"https:\/\/panoramatv.com.do\/index.php\/2026\/08\/31\/david-collado-inaugura-parador-fotografico-en-punta-rucia-puerto-plata\/","title":{"rendered":"David Collado inaugura parador Fotogr\u00e1fico en Punta Rucia, Puerto Plata."},"content":{"rendered":"\n<p class=\"wp-block-paragraph\"><strong>Estero Hondo, Puerto Plata.\u2013<\/strong> El ministro de Turismo, <strong>David Collado<\/strong>, inaugur\u00f3 un parador fotogr\u00e1fico en la playa de <strong>Punta Rucia<\/strong>, como parte del programa de recuperaci\u00f3n de espacios p\u00fablicos y frentes marinos del pa\u00eds.<\/p>\n\n\n\n<p class=\"wp-block-paragraph\">La obra, con una inversi\u00f3n de <strong>RD$10.8 millones<\/strong>, incluye asfaltado, reconstrucci\u00f3n de aceras y contenes, jardines, iluminaci\u00f3n, paisajismo y un letrero de identificaci\u00f3n del destino tur\u00edstico.<\/p>\n\n\n\n<p class=\"wp-block-paragraph\">El parador abarca <strong>352 metros cuadrados<\/strong>, con un \u00e1rea de influencia de 1,391 metros cuadrados, y busca convertirse en un punto de referencia visual para los visitantes de este atractivo destino de Puerto Plata.<\/p>\n\n\n\n<p class=\"wp-block-paragraph\">Punta Rucia, ubicada a unos <strong>70 kil\u00f3metros de Puerto Plata<\/strong>, es reconocida por su belleza natural y como punto de partida hacia <strong>Cayo Arena<\/strong>, uno de los principales atractivos tur\u00edsticos de la zona.<\/p>\n\n\n\n<figure class=\"wp-block-image size-full\"><img loading=\"lazy\" decoding=\"async\" width=\"1431\" height=\"923\" src=\"https:\/\/images.panoramatv.com.do\/wp-content\/uploads\/2026\/08\/PHOTO-2026-08-27-13-04-47.jpg\" alt=\"\" class=\"wp-image-21392\"\/><\/figure>\n","protected":false},"excerpt":{"rendered":"<p>Estero Hondo, Puerto Plata.\u2013 El ministro de Turismo, David Collado, inaugur\u00f3 un parador fotogr\u00e1fico en la playa de Punta Rucia, como parte del programa de recuperaci\u00f3n de espacios p\u00fablicos y frentes marinos del pa\u00eds. La obra, con una inversi\u00f3n de RD$10.8 millones, incluye asfaltado, reconstrucci\u00f3n de aceras y contenes, jardines, iluminaci\u00f3n, paisajismo y un letrero [&hellip;]<\/p>\n","protected":false},"author":1,"featured_media":21392,"comment_status":"open","ping_status":"open","sticky":false,"template":"","format":"standard","meta":{"_jetpack_memberships_contains_paid_content":false,"footnotes":"","jetpack_publicize_message":"","jetpack_publicize_feature_enabled":true,"jetpack_social_post_already_shared":true,"jetpack_social_options":{"image_generator_settings":{"template":"highway","enabled":false}}},"categories":[44],"tags":[1456,3762],"class_list":["post-21391","post","type-post","status-publish","format-standard","has-post-thumbnail","hentry","category-panorama-turistico","tag-david-collado","tag-punta-rucia"],"jetpack_publicize_connections":[],"jetpack_sharing_enabled":true,"jetpack_featured_media_url":"https:\/\/images.panoramatv.com.do\/wp-content\/uploads\/2026\/08\/PHOTO-2026-08-27-13-04-47.jpg","jetpack_likes_enabled":true,"jetpack-related-posts":[],"_links":{"self":[{"href":"https:\/\/panoramatv.com.do\/index.php\/wp-json\/wp\/v2\/posts\/21391","targetHints":{"allow":["GET"]}}],"collection":[{"href":"https:\/\/panoramatv.com.do\/index.php\/wp-json\/wp\/v2\/posts"}],"about":[{"href":"https:\/\/panoramatv.com.do\/index.php\/wp-json\/wp\/v2\/types\/post"}],"author":[{"embeddable":true,"href":"https:\/\/panoramatv.com.do\/index.php\/wp-json\/wp\/v2\/users\/1"}],"replies":[{"embeddable":true,"href":"https:\/\/panoramatv.com.do\/index.php\/wp-json\/wp\/v2\/comments?post=21391"}],"version-history":[{"count":1,"href":"https:\/\/panoramatv.com.do\/index.php\/wp-json\/wp\/v2\/posts\/21391\/revisions"}],"predecessor-version":[{"id":21393,"href":"https:\/\/panoramatv.com.do\/index.php\/wp-json\/wp\/v2\/posts\/21391\/revisions\/21393"}],"wp:featuredmedia":[{"embeddable":true,"href":"https:\/\/panoramatv.com.do\/index.php\/wp-json\/wp\/v2\/media\/21392"}],"wp:attachment":[{"href":"https:\/\/panoramatv.com.do\/index.php\/wp-json\/wp\/v2\/media?parent=21391"}],"wp:term":[{"taxonomy":"category","embeddable":true,"href":"https:\/\/panoramatv.com.do\/index.php\/wp-json\/wp\/v2\/categories?post=21391"},{"taxonomy":"post_tag","embeddable":true,"href":"https:\/\/panoramatv.com.do\/index.php\/wp-json\/wp\/v2\/tags?post=21391"}],"curies":[{"name":"wp","href":"https:\/\/api.w.org\/{rel}","templated":true}]}}