{"id":21376,"date":"2026-08-31T09:19:27","date_gmt":"2026-08-31T13:19:27","guid":{"rendered":"https:\/\/panoramatv.com.do\/?p=21376"},"modified":"2026-08-31T09:19:29","modified_gmt":"2026-08-31T13:19:29","slug":"coop-eclof-cierra-2025-con-activos-de-rd1404-millones-y-crecimiento-de-7-2","status":"publish","type":"post","link":"https:\/\/panoramatv.com.do\/index.php\/2026\/08\/31\/coop-eclof-cierra-2025-con-activos-de-rd1404-millones-y-crecimiento-de-7-2\/","title":{"rendered":"Coop Eclof cierra 2025 con activos de RD$1,404 millones y crecimiento de 7.2%"},"content":{"rendered":"\n<p class=\"wp-block-paragraph\"><strong>Santo Domingo.<\/strong> \u2013 La Cooperativa de Ahorro y Cr\u00e9dito Coop Eclof cerr\u00f3 2025 con <strong>activos por RD$1,404 millones<\/strong>, registrando un crecimiento de 7.2 % respecto al a\u00f1o anterior.<\/p>\n\n\n\n<p class=\"wp-block-paragraph\">La cartera de cr\u00e9dito alcanz\u00f3 <strong>RD$1,101.6 millones<\/strong>, distribuida entre 19,496 prestatarios. Adem\u00e1s, la cooperativa sum\u00f3 4,956 nuevos socios, para un total de <strong>74,465 asociados<\/strong>.<\/p>\n\n\n\n<p class=\"wp-block-paragraph\">La entidad tambi\u00e9n destac\u00f3 avances en la gesti\u00f3n del talento humano, mediante acciones para fortalecer a sus colaboradores, mejorar los procesos internos y consolidar su cultura organizacional.<\/p>\n\n\n\n<p class=\"wp-block-paragraph\">En materia de <strong>transparencia y buen gobierno<\/strong>, Coop Eclof resalt\u00f3 que no recibi\u00f3 multas ni sanciones regulatorias durante 2025 y que sus auditores externos emitieron un <strong>dictamen limpio<\/strong>, como muestra de una gesti\u00f3n responsable.<\/p>\n\n\n\n<figure class=\"wp-block-gallery has-nested-images columns-default is-cropped wp-block-gallery-1 is-layout-flex wp-block-gallery-is-layout-flex\">\n<figure class=\"wp-block-image size-large\"><img loading=\"lazy\" decoding=\"async\" width=\"1239\" height=\"716\" data-id=\"21377\" src=\"https:\/\/images.panoramatv.com.do\/wp-content\/uploads\/2026\/08\/waaer.jpg\" alt=\"\" class=\"wp-image-21377\"\/><\/figure>\n\n\n\n<figure class=\"wp-block-image size-large\"><img loading=\"lazy\" decoding=\"async\" width=\"1239\" height=\"826\" data-id=\"21378\" src=\"https:\/\/images.panoramatv.com.do\/wp-content\/uploads\/2026\/08\/xczzs.jpg\" alt=\"\" class=\"wp-image-21378\"\/><\/figure>\n<\/figure>\n","protected":false},"excerpt":{"rendered":"<p>Santo Domingo. \u2013 La Cooperativa de Ahorro y Cr\u00e9dito Coop Eclof cerr\u00f3 2025 con activos por RD$1,404 millones, registrando un crecimiento de 7.2 % respecto al a\u00f1o anterior. La cartera de cr\u00e9dito alcanz\u00f3 RD$1,101.6 millones, distribuida entre 19,496 prestatarios. Adem\u00e1s, la cooperativa sum\u00f3 4,956 nuevos socios, para un total de 74,465 asociados. La entidad tambi\u00e9n [&hellip;]<\/p>\n","protected":false},"author":1,"featured_media":0,"comment_status":"open","ping_status":"open","sticky":false,"template":"","format":"standard","meta":{"_jetpack_memberships_contains_paid_content":false,"footnotes":"","jetpack_publicize_message":"","jetpack_publicize_feature_enabled":true,"jetpack_social_post_already_shared":true,"jetpack_social_options":{"image_generator_settings":{"template":"highway","enabled":false}}},"categories":[2802],"tags":[3758,3757],"class_list":["post-21376","post","type-post","status-publish","format-standard","hentry","category-economia-y-negocios","tag-coop-eclof","tag-cooperativa-de-credito"],"jetpack_publicize_connections":[],"jetpack_sharing_enabled":true,"jetpack_featured_media_url":"","jetpack_likes_enabled":true,"jetpack-related-posts":[],"_links":{"self":[{"href":"https:\/\/panoramatv.com.do\/index.php\/wp-json\/wp\/v2\/posts\/21376","targetHints":{"allow":["GET"]}}],"collection":[{"href":"https:\/\/panoramatv.com.do\/index.php\/wp-json\/wp\/v2\/posts"}],"about":[{"href":"https:\/\/panoramatv.com.do\/index.php\/wp-json\/wp\/v2\/types\/post"}],"author":[{"embeddable":true,"href":"https:\/\/panoramatv.com.do\/index.php\/wp-json\/wp\/v2\/users\/1"}],"replies":[{"embeddable":true,"href":"https:\/\/panoramatv.com.do\/index.php\/wp-json\/wp\/v2\/comments?post=21376"}],"version-history":[{"count":1,"href":"https:\/\/panoramatv.com.do\/index.php\/wp-json\/wp\/v2\/posts\/21376\/revisions"}],"predecessor-version":[{"id":21379,"href":"https:\/\/panoramatv.com.do\/index.php\/wp-json\/wp\/v2\/posts\/21376\/revisions\/21379"}],"wp:attachment":[{"href":"https:\/\/panoramatv.com.do\/index.php\/wp-json\/wp\/v2\/media?parent=21376"}],"wp:term":[{"taxonomy":"category","embeddable":true,"href":"https:\/\/panoramatv.com.do\/index.php\/wp-json\/wp\/v2\/categories?post=21376"},{"taxonomy":"post_tag","embeddable":true,"href":"https:\/\/panoramatv.com.do\/index.php\/wp-json\/wp\/v2\/tags?post=21376"}],"curies":[{"name":"wp","href":"https:\/\/api.w.org\/{rel}","templated":true}]}}