{"id":2116,"date":"2020-11-28T08:54:56","date_gmt":"2020-11-28T12:54:56","guid":{"rendered":"https:\/\/panoramatv.com.do\/?p=2116"},"modified":"2020-11-28T08:56:48","modified_gmt":"2020-11-28T12:56:48","slug":"senado-de-la-republica-reconoce-al-ex-presidente-hipolito-mejia","status":"publish","type":"post","link":"https:\/\/panoramatv.com.do\/index.php\/2020\/11\/28\/senado-de-la-republica-reconoce-al-ex-presidente-hipolito-mejia\/","title":{"rendered":"Senado de la Republica reconoce al ex presidente Hip\u00f3lito Mej\u00eda"},"content":{"rendered":"\n<p><strong>Santo Domingo. 29-11-2020<\/strong>.- El Senado de la Rep\u00fablica reconoci\u00f3 al expresidente Hip\u00f3lito Mej\u00eda por su extensa carrera como profesional de la agronom\u00eda y sus aportes extraordinarios al desarrollo del sector &nbsp;agropecuario y agroindustrial del pa\u00eds.<\/p>\n\n\n\n<p>El acto de reconocimiento, celebrado en el sal\u00f3n de la Asamblea Nacional, estuvo encabezado por el presidente de la Rep\u00fablica, Luis Abinader, y el presidente de la Senado, Eduardo Estrella. Hizo acto de presencia el presidente de la C\u00e1mara de Diputados, Alfredo Pacheco.<\/p>\n\n\n\n<p>La resoluci\u00f3n que galardona la trayectoria de Mej\u00eda es la autor\u00eda del senador Santiago Jos\u00e9 Zorrilla (El Seibo), vicepresidente del Senado de la Rep\u00fablica.<\/p>\n\n\n\n<p>Durante su intervenci\u00f3n, Estrella (Santiago) dijo sentirse complacido de reconocer al exgobernante, a quien describi\u00f3 como un hombre honesto y amante de la agricultura.<\/p>\n\n\n\n<p>\u201cCon este gesto celebramos su vida y sus aportes a nuestros campos; hoy en pleno disfrute de su juventud avanzada, Hip\u00f3lito Mej\u00eda, con su energ\u00eda y vitalidad, sigue haciendo grandes contribuciones a la agricultura dominicana, dando sabios consejos a los productores, empresarios y funcionarios; siempre pendiente de sus importantes iniciativas dentro del sector privado\u201d, dijo el presidente del Senado.&nbsp;<\/p>\n\n\n\n<p>Jos\u00e9 Zorrilla hizo un amplio esbozo de la vida prol\u00edfera de Mej\u00eda, desde su formaci\u00f3n familiar, acad\u00e9mica, industrial y pol\u00edtica, en b\u00fasqueda de la sostenibilidad y desarrollo integral del pa\u00eds.<\/p>\n\n\n\n<p>\u201cSin dudas, estamos reconociendo, con justicia, la vida y obra de un dominicano excepcional quien, adem\u00e1s de profesional agr\u00edcola destacado, ha sabido ser un hombre de familia, as\u00ed como un trabajador laborioso, exitoso y preparado\u201d expres\u00f3 Santiago Jos\u00e9 Zorrilla, vicepresidente del Senado.<\/p>\n\n\n\n<p>Al tomar la palabra, el expresidente Hip\u00f3lito Mej\u00eda agradeci\u00f3 el reconocimiento otorgado por el Senado de la Republica y asegur\u00f3 que continuar\u00e1 brindando todo su apoyo a la agricultura nacional.<\/p>\n\n\n\n<p>\u201cGracias honorables senadores por creer que soy merecedor de este reconocimiento, seguir\u00e9 haciendo todo lo necesario para fortalecer el desarrollo agropecuario del pa\u00eds. Estoy consciente que en el mundo rural de hoy es sustancialmente distinto al de hace 20 a\u00f1os, pero la agricultura es y continuar\u00e1 siendo un componente fundamental de la vida econ\u00f3mica y social del pa\u00eds\u201d, dijo Mej\u00eda.<\/p>\n\n\n\n<p>Seg\u00fan indica el considerando segundo de la resoluci\u00f3n, Hip\u00f3lito Mej\u00eda inici\u00f3 como investigador del Instituto Nacional del Tabaco, en el que trabaj\u00f3 arduamente en la organizaci\u00f3n de cooperativas tabacaleras, sobresaliendo por su desempe\u00f1o, donde fue nombrado con apenas 24 a\u00f1os de edad.<\/p>\n\n\n\n<p>Esta iniciativa fue presentada ante el pleno senatorial el 16 de septiembre del a\u00f1o en curso y aprobada en \u00fanica lectura, resalta su trayectoria en el sector agropecuario p\u00fablico y privado, como Secretario de Estado de Agricultura y presidente de los directivos del Instituto Agrario Dominicano (IAD), adem\u00e1s del Instituto Nacional de Recursos Hidr\u00e1ulicos (INDRI) y del Instituto Nacional de Estabilizaci\u00f3n de Precios (INESPRE).<\/p>\n\n\n\n<p>Mej\u00eda tecnific\u00f3 el sector agropecuario, creando instituciones como el Centro Sur de Desarrollo Agropecuario (CESDA), la m\u00e1s destacada del Caribe.<\/p>\n\n\n\n<p>El considerando quinto establece que estando al frente del sector agropecuario, Mej\u00eda introdujo tecnolog\u00eda israel\u00ed, ampli\u00f3 centros de multiplicaci\u00f3n de semillas, promovi\u00f3 el desarrollo de la agricultura, la cooperativizaci\u00f3n de los campesinos y estableci\u00f3 agroindustrias de diversos rubros en todo el pa\u00eds.<\/p>\n\n\n\n<p>Durante su gesti\u00f3n como presidente de la Rep\u00fablica Dominicana, entre 2000 y 2004, impuls\u00f3 legislaciones e incentivos en favor del sector agroindustrial, cre\u00f3 la Comisi\u00f3n Ejecutiva para la Reforma del Sector Agropecuario.<\/p>\n\n\n\n<p>Adem\u00e1s del exmandatario Mej\u00eda y el presidente de la Rep\u00fablica, Luis Abinader, tambi\u00e9n participaron en el acto de reconocimiento Raquel Pe\u00f1a, vicepresidenta de la Rep\u00fablica; Raquel Arbaje, primera dama; entre otros senadores y funcionarios del Poder Ejecutivo.<\/p>\n\n\n\n<p>Mientras que la comisi\u00f3n de la C\u00e1mara Alta que hizo entrega del pergamino de reconocimiento, estuvo encabezada por el presidente del Senado de la Rep\u00fablica, Eduardo Estrella (Santiago), Santiago Jos\u00e9 Zorrilla (El Seibo), vicepresidente del Senado; Ginnette Bournigal de Jim\u00e9nez (Puerto Plata); y L\u00eda D\u00edaz Santana (Azua), secretarias del Bufete Directivo del Senado.<\/p>\n\n\n\n<figure class=\"wp-block-gallery columns-2 is-cropped wp-block-gallery-1 is-layout-flex wp-block-gallery-is-layout-flex\"><ul class=\"blocks-gallery-grid\"><li class=\"blocks-gallery-item\"><figure><img decoding=\"async\" src=\"https:\/\/images.panoramatv.com.do\/wp-content\/uploads\/2020\/11\/V-7.jpg\" alt=\"\" data-id=\"2117\" data-full-url=\"https:\/\/images.panoramatv.com.do\/wp-content\/uploads\/2020\/11\/V-7.jpg\" data-link=\"https:\/\/panoramatv.com.do\/?attachment_id=2117\" class=\"wp-image-2117\"\/><\/figure><\/li><li class=\"blocks-gallery-item\"><figure><img decoding=\"async\" src=\"https:\/\/images.panoramatv.com.do\/wp-content\/uploads\/2020\/11\/0-84-1024x634.jpg\" alt=\"\" data-id=\"2118\" data-full-url=\"https:\/\/images.panoramatv.com.do\/wp-content\/uploads\/2020\/11\/0-84.jpg\" data-link=\"https:\/\/panoramatv.com.do\/?attachment_id=2118\" class=\"wp-image-2118\"\/><\/figure><\/li><\/ul><\/figure>\n","protected":false},"excerpt":{"rendered":"<p>Santo Domingo. 29-11-2020.- El Senado de la Rep\u00fablica reconoci\u00f3 al expresidente Hip\u00f3lito Mej\u00eda por su extensa carrera como profesional de la agronom\u00eda y sus aportes extraordinarios al desarrollo del sector &nbsp;agropecuario y agroindustrial del pa\u00eds. El acto de reconocimiento, celebrado en el sal\u00f3n de la Asamblea Nacional, estuvo encabezado por el presidente de la Rep\u00fablica, [&hellip;]<\/p>\n","protected":false},"author":1,"featured_media":2117,"comment_status":"open","ping_status":"open","sticky":false,"template":"","format":"standard","meta":{"_jetpack_memberships_contains_paid_content":false,"footnotes":"","jetpack_publicize_message":"","jetpack_publicize_feature_enabled":true,"jetpack_social_post_already_shared":true,"jetpack_social_options":{"image_generator_settings":{"template":"highway","enabled":false}}},"categories":[1],"tags":[392,97],"class_list":["post-2116","post","type-post","status-publish","format-standard","has-post-thumbnail","hentry","category-actualidad","tag-hipolito-mejia","tag-senado"],"jetpack_publicize_connections":[],"jetpack_sharing_enabled":true,"jetpack_featured_media_url":"https:\/\/panoramatv.com.do\/wp-content\/uploads\/2020\/11\/V-7.jpg","jetpack_likes_enabled":true,"jetpack-related-posts":[],"_links":{"self":[{"href":"https:\/\/panoramatv.com.do\/index.php\/wp-json\/wp\/v2\/posts\/2116","targetHints":{"allow":["GET"]}}],"collection":[{"href":"https:\/\/panoramatv.com.do\/index.php\/wp-json\/wp\/v2\/posts"}],"about":[{"href":"https:\/\/panoramatv.com.do\/index.php\/wp-json\/wp\/v2\/types\/post"}],"author":[{"embeddable":true,"href":"https:\/\/panoramatv.com.do\/index.php\/wp-json\/wp\/v2\/users\/1"}],"replies":[{"embeddable":true,"href":"https:\/\/panoramatv.com.do\/index.php\/wp-json\/wp\/v2\/comments?post=2116"}],"version-history":[{"count":0,"href":"https:\/\/panoramatv.com.do\/index.php\/wp-json\/wp\/v2\/posts\/2116\/revisions"}],"wp:featuredmedia":[{"embeddable":true,"href":"https:\/\/panoramatv.com.do\/index.php\/wp-json\/wp\/v2\/media\/2117"}],"wp:attachment":[{"href":"https:\/\/panoramatv.com.do\/index.php\/wp-json\/wp\/v2\/media?parent=2116"}],"wp:term":[{"taxonomy":"category","embeddable":true,"href":"https:\/\/panoramatv.com.do\/index.php\/wp-json\/wp\/v2\/categories?post=2116"},{"taxonomy":"post_tag","embeddable":true,"href":"https:\/\/panoramatv.com.do\/index.php\/wp-json\/wp\/v2\/tags?post=2116"}],"curies":[{"name":"wp","href":"https:\/\/api.w.org\/{rel}","templated":true}]}}