{"id":21149,"date":"2026-08-07T08:21:40","date_gmt":"2026-08-07T12:21:40","guid":{"rendered":"https:\/\/panoramatv.com.do\/?p=21149"},"modified":"2026-08-07T08:21:41","modified_gmt":"2026-08-07T12:21:41","slug":"republica-dominicana-rompe-record-y-gana-oro-en-relevo-4x100-femenino","status":"publish","type":"post","link":"https:\/\/panoramatv.com.do\/index.php\/2026\/08\/07\/republica-dominicana-rompe-record-y-gana-oro-en-relevo-4x100-femenino\/","title":{"rendered":"Rep\u00fablica Dominicana rompe r\u00e9cord y gana oro en relevo 4&#215;100 femenino"},"content":{"rendered":"\n<p class=\"wp-block-paragraph\">El equipo femenino de relevos 4&#215;100 de Rep\u00fablica Dominicana conquist\u00f3 la medalla de oro en los XXV Juegos Centroamericanos y del Caribe Santo Domingo 2026, estableciendo un nuevo r\u00e9cord del evento con tiempo de 43 segundos.<\/p>\n\n\n\n<p class=\"wp-block-paragraph\">El cuarteto integrado por Estrella de Aza, Liranyi Alonso, Fiordaliza Cofil y Patricia Sine super\u00f3 la marca que pertenec\u00eda a Cuba desde San Salvador 2023. Puerto Rico obtuvo la plata con 43.409 segundos, mientras Cuba se qued\u00f3 con el bronce al registrar 43.410.<\/p>\n\n\n\n<p class=\"wp-block-paragraph\">Con esta victoria, Rep\u00fablica Dominicana alcanz\u00f3 las 30 medallas de oro en la presente edici\u00f3n de los Juegos, cifra que logra por tercera ocasi\u00f3n en su historia, luego de San Salvador 2002 y Mayag\u00fcez 2010.<\/p>\n\n\n<div class=\"wp-block-image\">\n<figure class=\"aligncenter size-full\"><img loading=\"lazy\" decoding=\"async\" width=\"2560\" height=\"1703\" src=\"https:\/\/images.panoramatv.com.do\/wp-content\/uploads\/2026\/08\/WhatsApp-Image-2026-08-06-at-8.18.07-PM-scaled-1.jpg\" alt=\"\" class=\"wp-image-21150\"\/><\/figure>\n<\/div>","protected":false},"excerpt":{"rendered":"<p>El equipo femenino de relevos 4&#215;100 de Rep\u00fablica Dominicana conquist\u00f3 la medalla de oro en los XXV Juegos Centroamericanos y del Caribe Santo Domingo 2026, estableciendo un nuevo r\u00e9cord del evento con tiempo de 43 segundos. El cuarteto integrado por Estrella de Aza, Liranyi Alonso, Fiordaliza Cofil y Patricia Sine super\u00f3 la marca que pertenec\u00eda [&hellip;]<\/p>\n","protected":false},"author":1,"featured_media":21150,"comment_status":"open","ping_status":"open","sticky":false,"template":"","format":"standard","meta":{"_jetpack_memberships_contains_paid_content":false,"footnotes":"","jetpack_publicize_message":"","jetpack_publicize_feature_enabled":true,"jetpack_social_post_already_shared":true,"jetpack_social_options":{"image_generator_settings":{"template":"highway","enabled":false}}},"categories":[3728],"tags":[3717],"class_list":["post-21149","post","type-post","status-publish","format-standard","has-post-thumbnail","hentry","category-deportes","tag-juegos-centroamericanos-2026"],"jetpack_publicize_connections":[],"jetpack_sharing_enabled":true,"jetpack_featured_media_url":"https:\/\/images.panoramatv.com.do\/wp-content\/uploads\/2026\/08\/WhatsApp-Image-2026-08-06-at-8.18.07-PM-scaled-1.jpg","jetpack_likes_enabled":true,"jetpack-related-posts":[],"_links":{"self":[{"href":"https:\/\/panoramatv.com.do\/index.php\/wp-json\/wp\/v2\/posts\/21149","targetHints":{"allow":["GET"]}}],"collection":[{"href":"https:\/\/panoramatv.com.do\/index.php\/wp-json\/wp\/v2\/posts"}],"about":[{"href":"https:\/\/panoramatv.com.do\/index.php\/wp-json\/wp\/v2\/types\/post"}],"author":[{"embeddable":true,"href":"https:\/\/panoramatv.com.do\/index.php\/wp-json\/wp\/v2\/users\/1"}],"replies":[{"embeddable":true,"href":"https:\/\/panoramatv.com.do\/index.php\/wp-json\/wp\/v2\/comments?post=21149"}],"version-history":[{"count":1,"href":"https:\/\/panoramatv.com.do\/index.php\/wp-json\/wp\/v2\/posts\/21149\/revisions"}],"predecessor-version":[{"id":21151,"href":"https:\/\/panoramatv.com.do\/index.php\/wp-json\/wp\/v2\/posts\/21149\/revisions\/21151"}],"wp:featuredmedia":[{"embeddable":true,"href":"https:\/\/panoramatv.com.do\/index.php\/wp-json\/wp\/v2\/media\/21150"}],"wp:attachment":[{"href":"https:\/\/panoramatv.com.do\/index.php\/wp-json\/wp\/v2\/media?parent=21149"}],"wp:term":[{"taxonomy":"category","embeddable":true,"href":"https:\/\/panoramatv.com.do\/index.php\/wp-json\/wp\/v2\/categories?post=21149"},{"taxonomy":"post_tag","embeddable":true,"href":"https:\/\/panoramatv.com.do\/index.php\/wp-json\/wp\/v2\/tags?post=21149"}],"curies":[{"name":"wp","href":"https:\/\/api.w.org\/{rel}","templated":true}]}}