{"id":21139,"date":"2026-08-07T08:11:22","date_gmt":"2026-08-07T12:11:22","guid":{"rendered":"https:\/\/panoramatv.com.do\/?p=21139"},"modified":"2026-08-07T08:11:23","modified_gmt":"2026-08-07T12:11:23","slug":"rosa-ramirez-conquista-oro-para-republica-dominicana-en-lanzamiento-de-bala","status":"publish","type":"post","link":"https:\/\/panoramatv.com.do\/index.php\/2026\/08\/07\/rosa-ramirez-conquista-oro-para-republica-dominicana-en-lanzamiento-de-bala\/","title":{"rendered":"Rosa Ram\u00edrez conquista oro para Rep\u00fablica Dominicana en lanzamiento de bala"},"content":{"rendered":"\n<p class=\"wp-block-paragraph\">La dominicana Rosa Ram\u00edrez gan\u00f3 la medalla de oro en lanzamiento de bala femenino de los XXV Juegos Centroamericanos y del Caribe Santo Domingo 2026, con una marca de 18.60 metros lograda en su tercer intento.<\/p>\n\n\n\n<p class=\"wp-block-paragraph\">Ram\u00edrez super\u00f3 por estrecho margen a la cubana Dianelis Denis, quien obtuvo la plata con un registro de 18.57 metros en su quinto lanzamiento. La medalla de bronce fue para la granadina Kelsie Murrel, con una marca de 16.92 metros.<\/p>\n\n\n\n<p class=\"wp-block-paragraph\">La competencia reuni\u00f3 atletas de M\u00e9xico, Venezuela, Martinica y Costa Rica, en una jornada donde la representante dominicana se destac\u00f3 para sumar otro t\u00edtulo al pa\u00eds anfitri\u00f3n en el atletismo regional.<\/p>\n\n\n<div class=\"wp-block-image\">\n<figure class=\"aligncenter size-full\"><img loading=\"lazy\" decoding=\"async\" width=\"2560\" height=\"1703\" src=\"https:\/\/images.panoramatv.com.do\/wp-content\/uploads\/2026\/08\/WhatsApp-Image-2026-08-06-at-7.29.28-PM-scaled-1.jpg\" alt=\"\" class=\"wp-image-21140\"\/><\/figure>\n<\/div>","protected":false},"excerpt":{"rendered":"<p>La dominicana Rosa Ram\u00edrez gan\u00f3 la medalla de oro en lanzamiento de bala femenino de los XXV Juegos Centroamericanos y del Caribe Santo Domingo 2026, con una marca de 18.60 metros lograda en su tercer intento. Ram\u00edrez super\u00f3 por estrecho margen a la cubana Dianelis Denis, quien obtuvo la plata con un registro de 18.57 [&hellip;]<\/p>\n","protected":false},"author":1,"featured_media":21140,"comment_status":"open","ping_status":"open","sticky":false,"template":"","format":"standard","meta":{"_jetpack_memberships_contains_paid_content":false,"footnotes":"","jetpack_publicize_message":"","jetpack_publicize_feature_enabled":true,"jetpack_social_post_already_shared":true,"jetpack_social_options":{"image_generator_settings":{"template":"highway","enabled":false}}},"categories":[3728],"tags":[3717],"class_list":["post-21139","post","type-post","status-publish","format-standard","has-post-thumbnail","hentry","category-deportes","tag-juegos-centroamericanos-2026"],"jetpack_publicize_connections":[],"jetpack_sharing_enabled":true,"jetpack_featured_media_url":"https:\/\/images.panoramatv.com.do\/wp-content\/uploads\/2026\/08\/WhatsApp-Image-2026-08-06-at-7.29.28-PM-scaled-1.jpg","jetpack_likes_enabled":true,"jetpack-related-posts":[],"_links":{"self":[{"href":"https:\/\/panoramatv.com.do\/index.php\/wp-json\/wp\/v2\/posts\/21139","targetHints":{"allow":["GET"]}}],"collection":[{"href":"https:\/\/panoramatv.com.do\/index.php\/wp-json\/wp\/v2\/posts"}],"about":[{"href":"https:\/\/panoramatv.com.do\/index.php\/wp-json\/wp\/v2\/types\/post"}],"author":[{"embeddable":true,"href":"https:\/\/panoramatv.com.do\/index.php\/wp-json\/wp\/v2\/users\/1"}],"replies":[{"embeddable":true,"href":"https:\/\/panoramatv.com.do\/index.php\/wp-json\/wp\/v2\/comments?post=21139"}],"version-history":[{"count":1,"href":"https:\/\/panoramatv.com.do\/index.php\/wp-json\/wp\/v2\/posts\/21139\/revisions"}],"predecessor-version":[{"id":21141,"href":"https:\/\/panoramatv.com.do\/index.php\/wp-json\/wp\/v2\/posts\/21139\/revisions\/21141"}],"wp:featuredmedia":[{"embeddable":true,"href":"https:\/\/panoramatv.com.do\/index.php\/wp-json\/wp\/v2\/media\/21140"}],"wp:attachment":[{"href":"https:\/\/panoramatv.com.do\/index.php\/wp-json\/wp\/v2\/media?parent=21139"}],"wp:term":[{"taxonomy":"category","embeddable":true,"href":"https:\/\/panoramatv.com.do\/index.php\/wp-json\/wp\/v2\/categories?post=21139"},{"taxonomy":"post_tag","embeddable":true,"href":"https:\/\/panoramatv.com.do\/index.php\/wp-json\/wp\/v2\/tags?post=21139"}],"curies":[{"name":"wp","href":"https:\/\/api.w.org\/{rel}","templated":true}]}}