{"id":21133,"date":"2026-08-07T07:48:28","date_gmt":"2026-08-07T11:48:28","guid":{"rendered":"https:\/\/panoramatv.com.do\/?p=21133"},"modified":"2026-08-07T07:48:32","modified_gmt":"2026-08-07T11:48:32","slug":"karen-mosquera-conquista-dos-oros-para-colombia-en-levantamiento-de-pesas","status":"publish","type":"post","link":"https:\/\/panoramatv.com.do\/index.php\/2026\/08\/07\/karen-mosquera-conquista-dos-oros-para-colombia-en-levantamiento-de-pesas\/","title":{"rendered":"Karen Mosquera conquista dos oros para Colombia en levantamiento de pesas"},"content":{"rendered":"\n<p class=\"wp-block-paragraph\">La colombiana Karen Mosquera se destac\u00f3 en el levantamiento de pesas de los XXV Juegos Centroamericanos y del Caribe Santo Domingo 2026, al conquistar las medallas de oro en arranque y envi\u00f3n de la categor\u00eda de 63 kilogramos.<\/p>\n\n\n\n<p class=\"wp-block-paragraph\">Mosquera domin\u00f3 el arranque con un levantamiento de 107 kilogramos y luego se impuso en el envi\u00f3n con 125 kilos, superando a la mexicana Janeth G\u00f3mez, quien obtuvo dos medallas de plata. La colombiana asegur\u00f3 el triunfo en su \u00faltimo intento al levantar la marca decisiva.<\/p>\n\n\n\n<p class=\"wp-block-paragraph\">En el arranque, la dominicana Nathalia Novas gan\u00f3 la medalla de bronce con 93 kilogramos, mientras que la cubana Lisney Adames obtuvo el tercer lugar en envi\u00f3n con 116 kilos.<\/p>\n\n\n<div class=\"wp-block-image\">\n<figure class=\"aligncenter size-full\"><img loading=\"lazy\" decoding=\"async\" width=\"1600\" height=\"1200\" src=\"https:\/\/images.panoramatv.com.do\/wp-content\/uploads\/2026\/08\/karen-mosquera3.jpg\" alt=\"\" class=\"wp-image-21134\"\/><\/figure>\n<\/div>","protected":false},"excerpt":{"rendered":"<p>La colombiana Karen Mosquera se destac\u00f3 en el levantamiento de pesas de los XXV Juegos Centroamericanos y del Caribe Santo Domingo 2026, al conquistar las medallas de oro en arranque y envi\u00f3n de la categor\u00eda de 63 kilogramos. Mosquera domin\u00f3 el arranque con un levantamiento de 107 kilogramos y luego se impuso en el envi\u00f3n [&hellip;]<\/p>\n","protected":false},"author":1,"featured_media":21134,"comment_status":"open","ping_status":"open","sticky":false,"template":"","format":"standard","meta":{"_jetpack_memberships_contains_paid_content":false,"footnotes":"","jetpack_publicize_message":"","jetpack_publicize_feature_enabled":true,"jetpack_social_post_already_shared":true,"jetpack_social_options":{"image_generator_settings":{"template":"highway","enabled":false}}},"categories":[3728],"tags":[3717],"class_list":["post-21133","post","type-post","status-publish","format-standard","has-post-thumbnail","hentry","category-deportes","tag-juegos-centroamericanos-2026"],"jetpack_publicize_connections":[],"jetpack_sharing_enabled":true,"jetpack_featured_media_url":"https:\/\/images.panoramatv.com.do\/wp-content\/uploads\/2026\/08\/karen-mosquera3.jpg","jetpack_likes_enabled":true,"jetpack-related-posts":[],"_links":{"self":[{"href":"https:\/\/panoramatv.com.do\/index.php\/wp-json\/wp\/v2\/posts\/21133","targetHints":{"allow":["GET"]}}],"collection":[{"href":"https:\/\/panoramatv.com.do\/index.php\/wp-json\/wp\/v2\/posts"}],"about":[{"href":"https:\/\/panoramatv.com.do\/index.php\/wp-json\/wp\/v2\/types\/post"}],"author":[{"embeddable":true,"href":"https:\/\/panoramatv.com.do\/index.php\/wp-json\/wp\/v2\/users\/1"}],"replies":[{"embeddable":true,"href":"https:\/\/panoramatv.com.do\/index.php\/wp-json\/wp\/v2\/comments?post=21133"}],"version-history":[{"count":1,"href":"https:\/\/panoramatv.com.do\/index.php\/wp-json\/wp\/v2\/posts\/21133\/revisions"}],"predecessor-version":[{"id":21135,"href":"https:\/\/panoramatv.com.do\/index.php\/wp-json\/wp\/v2\/posts\/21133\/revisions\/21135"}],"wp:featuredmedia":[{"embeddable":true,"href":"https:\/\/panoramatv.com.do\/index.php\/wp-json\/wp\/v2\/media\/21134"}],"wp:attachment":[{"href":"https:\/\/panoramatv.com.do\/index.php\/wp-json\/wp\/v2\/media?parent=21133"}],"wp:term":[{"taxonomy":"category","embeddable":true,"href":"https:\/\/panoramatv.com.do\/index.php\/wp-json\/wp\/v2\/categories?post=21133"},{"taxonomy":"post_tag","embeddable":true,"href":"https:\/\/panoramatv.com.do\/index.php\/wp-json\/wp\/v2\/tags?post=21133"}],"curies":[{"name":"wp","href":"https:\/\/api.w.org\/{rel}","templated":true}]}}