{"id":21130,"date":"2026-08-07T07:47:40","date_gmt":"2026-08-07T11:47:40","guid":{"rendered":"https:\/\/panoramatv.com.do\/?p=21130"},"modified":"2026-08-07T07:47:44","modified_gmt":"2026-08-07T11:47:44","slug":"venezuela-vence-a-costa-rica-y-disputara-el-quinto-lugar-del-voleibol-femenino","status":"publish","type":"post","link":"https:\/\/panoramatv.com.do\/index.php\/2026\/08\/07\/venezuela-vence-a-costa-rica-y-disputara-el-quinto-lugar-del-voleibol-femenino\/","title":{"rendered":"Venezuela vence a Costa Rica y disputar\u00e1 el quinto lugar del voleibol femenino"},"content":{"rendered":"\n<p class=\"wp-block-paragraph\">La selecci\u00f3n femenina de voleibol de Venezuela derrot\u00f3 a Costa Rica en cuatro sets y avanz\u00f3 al partido por la quinta posici\u00f3n de los XXV Juegos Centroamericanos y del Caribe Santo Domingo 2026.<\/p>\n\n\n\n<p class=\"wp-block-paragraph\">Las venezolanas remontaron tras perder el primer parcial 25-23 y se impusieron en los siguientes sets por 25-18, 25-21 y 25-9, asegurando su duelo por el quinto puesto ante M\u00e9xico este viernes.<\/p>\n\n\n\n<p class=\"wp-block-paragraph\">Por Venezuela destacaron Gabriela Noguera, Diana Paredes, Mariangel Vivas y la l\u00edbero Asly Antivero. Costa Rica tuvo como principales figuras a Tatiana St. Mar\u00edn, Mar\u00eda Fernanda Alfaro y la l\u00edbero Rashanny Solano.<\/p>\n\n\n<div class=\"wp-block-image\">\n<figure class=\"aligncenter size-full\"><img loading=\"lazy\" decoding=\"async\" width=\"2048\" height=\"1323\" src=\"https:\/\/images.panoramatv.com.do\/wp-content\/uploads\/2026\/08\/55447265048_ca9705211f_k.jpg\" alt=\"\" class=\"wp-image-21131\"\/><\/figure>\n<\/div>","protected":false},"excerpt":{"rendered":"<p>La selecci\u00f3n femenina de voleibol de Venezuela derrot\u00f3 a Costa Rica en cuatro sets y avanz\u00f3 al partido por la quinta posici\u00f3n de los XXV Juegos Centroamericanos y del Caribe Santo Domingo 2026. Las venezolanas remontaron tras perder el primer parcial 25-23 y se impusieron en los siguientes sets por 25-18, 25-21 y 25-9, asegurando [&hellip;]<\/p>\n","protected":false},"author":1,"featured_media":21131,"comment_status":"open","ping_status":"open","sticky":false,"template":"","format":"standard","meta":{"_jetpack_memberships_contains_paid_content":false,"footnotes":"","jetpack_publicize_message":"","jetpack_publicize_feature_enabled":true,"jetpack_social_post_already_shared":true,"jetpack_social_options":{"image_generator_settings":{"template":"highway","enabled":false}}},"categories":[3728],"tags":[3717],"class_list":["post-21130","post","type-post","status-publish","format-standard","has-post-thumbnail","hentry","category-deportes","tag-juegos-centroamericanos-2026"],"jetpack_publicize_connections":[],"jetpack_sharing_enabled":true,"jetpack_featured_media_url":"https:\/\/images.panoramatv.com.do\/wp-content\/uploads\/2026\/08\/55447265048_ca9705211f_k.jpg","jetpack_likes_enabled":true,"jetpack-related-posts":[],"_links":{"self":[{"href":"https:\/\/panoramatv.com.do\/index.php\/wp-json\/wp\/v2\/posts\/21130","targetHints":{"allow":["GET"]}}],"collection":[{"href":"https:\/\/panoramatv.com.do\/index.php\/wp-json\/wp\/v2\/posts"}],"about":[{"href":"https:\/\/panoramatv.com.do\/index.php\/wp-json\/wp\/v2\/types\/post"}],"author":[{"embeddable":true,"href":"https:\/\/panoramatv.com.do\/index.php\/wp-json\/wp\/v2\/users\/1"}],"replies":[{"embeddable":true,"href":"https:\/\/panoramatv.com.do\/index.php\/wp-json\/wp\/v2\/comments?post=21130"}],"version-history":[{"count":1,"href":"https:\/\/panoramatv.com.do\/index.php\/wp-json\/wp\/v2\/posts\/21130\/revisions"}],"predecessor-version":[{"id":21132,"href":"https:\/\/panoramatv.com.do\/index.php\/wp-json\/wp\/v2\/posts\/21130\/revisions\/21132"}],"wp:featuredmedia":[{"embeddable":true,"href":"https:\/\/panoramatv.com.do\/index.php\/wp-json\/wp\/v2\/media\/21131"}],"wp:attachment":[{"href":"https:\/\/panoramatv.com.do\/index.php\/wp-json\/wp\/v2\/media?parent=21130"}],"wp:term":[{"taxonomy":"category","embeddable":true,"href":"https:\/\/panoramatv.com.do\/index.php\/wp-json\/wp\/v2\/categories?post=21130"},{"taxonomy":"post_tag","embeddable":true,"href":"https:\/\/panoramatv.com.do\/index.php\/wp-json\/wp\/v2\/tags?post=21130"}],"curies":[{"name":"wp","href":"https:\/\/api.w.org\/{rel}","templated":true}]}}