{"id":21121,"date":"2026-08-07T07:39:24","date_gmt":"2026-08-07T11:39:24","guid":{"rendered":"https:\/\/panoramatv.com.do\/?p=21121"},"modified":"2026-08-07T07:39:28","modified_gmt":"2026-08-07T11:39:28","slug":"mexico-vence-a-trinidad-y-tobago-y-disputara-el-quinto-lugar-del-voleibol-femenino","status":"publish","type":"post","link":"https:\/\/panoramatv.com.do\/index.php\/2026\/08\/07\/mexico-vence-a-trinidad-y-tobago-y-disputara-el-quinto-lugar-del-voleibol-femenino\/","title":{"rendered":"M\u00e9xico vence a Trinidad y Tobago y disputar\u00e1 el quinto lugar del voleibol femenino"},"content":{"rendered":"\n<p class=\"wp-block-paragraph\">La selecci\u00f3n femenina de voleibol de M\u00e9xico derrot\u00f3 en tres sets a Trinidad y Tobago y avanz\u00f3 al partido por el quinto puesto de los XXV Juegos Centroamericanos y del Caribe Santo Domingo 2026.<\/p>\n\n\n\n<p class=\"wp-block-paragraph\">Las mexicanas dominaron el encuentro con parciales de 25-10, 25-12 y 25-17, en un partido de 59 minutos de duraci\u00f3n, donde mostraron superioridad ofensiva y defensiva.<\/p>\n\n\n\n<p class=\"wp-block-paragraph\">Trinidad y Tobago, que a\u00fan no ha ganado un set en el torneo, disputar\u00e1 este viernes el s\u00e9ptimo lugar frente a Costa Rica. Por M\u00e9xico destacaron Aim\u00e9 Topete, Karina G\u00e1mez, Uxue Guerea, Gloria Ung, Grecia Castro y Joseline Landeros.<\/p>\n\n\n<div class=\"wp-block-image\">\n<figure class=\"aligncenter size-full\"><img loading=\"lazy\" decoding=\"async\" width=\"2047\" height=\"1264\" src=\"https:\/\/images.panoramatv.com.do\/wp-content\/uploads\/2026\/08\/55447047623_0845ccffcc_k.jpg\" alt=\"\" class=\"wp-image-21122\"\/><\/figure>\n<\/div>","protected":false},"excerpt":{"rendered":"<p>La selecci\u00f3n femenina de voleibol de M\u00e9xico derrot\u00f3 en tres sets a Trinidad y Tobago y avanz\u00f3 al partido por el quinto puesto de los XXV Juegos Centroamericanos y del Caribe Santo Domingo 2026. Las mexicanas dominaron el encuentro con parciales de 25-10, 25-12 y 25-17, en un partido de 59 minutos de duraci\u00f3n, donde [&hellip;]<\/p>\n","protected":false},"author":1,"featured_media":21122,"comment_status":"open","ping_status":"open","sticky":false,"template":"","format":"standard","meta":{"_jetpack_memberships_contains_paid_content":false,"footnotes":"","jetpack_publicize_message":"","jetpack_publicize_feature_enabled":true,"jetpack_social_post_already_shared":true,"jetpack_social_options":{"image_generator_settings":{"template":"highway","enabled":false}}},"categories":[3728],"tags":[3717],"class_list":["post-21121","post","type-post","status-publish","format-standard","has-post-thumbnail","hentry","category-deportes","tag-juegos-centroamericanos-2026"],"jetpack_publicize_connections":[],"jetpack_sharing_enabled":true,"jetpack_featured_media_url":"https:\/\/images.panoramatv.com.do\/wp-content\/uploads\/2026\/08\/55447047623_0845ccffcc_k.jpg","jetpack_likes_enabled":true,"jetpack-related-posts":[],"_links":{"self":[{"href":"https:\/\/panoramatv.com.do\/index.php\/wp-json\/wp\/v2\/posts\/21121","targetHints":{"allow":["GET"]}}],"collection":[{"href":"https:\/\/panoramatv.com.do\/index.php\/wp-json\/wp\/v2\/posts"}],"about":[{"href":"https:\/\/panoramatv.com.do\/index.php\/wp-json\/wp\/v2\/types\/post"}],"author":[{"embeddable":true,"href":"https:\/\/panoramatv.com.do\/index.php\/wp-json\/wp\/v2\/users\/1"}],"replies":[{"embeddable":true,"href":"https:\/\/panoramatv.com.do\/index.php\/wp-json\/wp\/v2\/comments?post=21121"}],"version-history":[{"count":1,"href":"https:\/\/panoramatv.com.do\/index.php\/wp-json\/wp\/v2\/posts\/21121\/revisions"}],"predecessor-version":[{"id":21123,"href":"https:\/\/panoramatv.com.do\/index.php\/wp-json\/wp\/v2\/posts\/21121\/revisions\/21123"}],"wp:featuredmedia":[{"embeddable":true,"href":"https:\/\/panoramatv.com.do\/index.php\/wp-json\/wp\/v2\/media\/21122"}],"wp:attachment":[{"href":"https:\/\/panoramatv.com.do\/index.php\/wp-json\/wp\/v2\/media?parent=21121"}],"wp:term":[{"taxonomy":"category","embeddable":true,"href":"https:\/\/panoramatv.com.do\/index.php\/wp-json\/wp\/v2\/categories?post=21121"},{"taxonomy":"post_tag","embeddable":true,"href":"https:\/\/panoramatv.com.do\/index.php\/wp-json\/wp\/v2\/tags?post=21121"}],"curies":[{"name":"wp","href":"https:\/\/api.w.org\/{rel}","templated":true}]}}