{"id":21118,"date":"2026-08-07T07:38:22","date_gmt":"2026-08-07T11:38:22","guid":{"rendered":"https:\/\/panoramatv.com.do\/?p=21118"},"modified":"2026-08-07T07:38:25","modified_gmt":"2026-08-07T11:38:25","slug":"jorge-cardenas-conquista-oro-en-levantamiento-de-pesas-de-santo-domingo-2026","status":"publish","type":"post","link":"https:\/\/panoramatv.com.do\/index.php\/2026\/08\/07\/jorge-cardenas-conquista-oro-en-levantamiento-de-pesas-de-santo-domingo-2026\/","title":{"rendered":"Jorge C\u00e1rdenas conquista oro en levantamiento de pesas de Santo Domingo 2026"},"content":{"rendered":"\n<p class=\"wp-block-paragraph\">El mexicano Jorge C\u00e1rdenas se proclam\u00f3 campe\u00f3n en la modalidad de arranque de los 71 kilogramos del levantamiento de pesas de los XXV Juegos Centroamericanos y del Caribe Santo Domingo 2026, tras vencer en un ajustado duelo al venezolano Neiner Arango.<\/p>\n\n\n\n<p class=\"wp-block-paragraph\">C\u00e1rdenas y Arango igualaron el r\u00e9cord regional al levantar 150 kilogramos, pero el mexicano se qued\u00f3 con el oro al completar primero el intento. Arango busc\u00f3 superar la marca con 152 kilogramos, pero fall\u00f3 en su intento y obtuvo la medalla de plata.<\/p>\n\n\n\n<p class=\"wp-block-paragraph\">El dominicano Francisco Tont\u00f3n logr\u00f3 la medalla de bronce al finalizar la competencia con un levantamiento de 136 kilogramos.<\/p>\n\n\n<div class=\"wp-block-image\">\n<figure class=\"aligncenter size-full\"><img loading=\"lazy\" decoding=\"async\" width=\"1600\" height=\"1200\" src=\"https:\/\/images.panoramatv.com.do\/wp-content\/uploads\/2026\/08\/cardenas.jpg\" alt=\"\" class=\"wp-image-21119\"\/><\/figure>\n<\/div>","protected":false},"excerpt":{"rendered":"<p>El mexicano Jorge C\u00e1rdenas se proclam\u00f3 campe\u00f3n en la modalidad de arranque de los 71 kilogramos del levantamiento de pesas de los XXV Juegos Centroamericanos y del Caribe Santo Domingo 2026, tras vencer en un ajustado duelo al venezolano Neiner Arango. C\u00e1rdenas y Arango igualaron el r\u00e9cord regional al levantar 150 kilogramos, pero el mexicano [&hellip;]<\/p>\n","protected":false},"author":1,"featured_media":21119,"comment_status":"open","ping_status":"open","sticky":false,"template":"","format":"standard","meta":{"_jetpack_memberships_contains_paid_content":false,"footnotes":"","jetpack_publicize_message":"","jetpack_publicize_feature_enabled":true,"jetpack_social_post_already_shared":true,"jetpack_social_options":{"image_generator_settings":{"template":"highway","enabled":false}}},"categories":[3728],"tags":[3717],"class_list":["post-21118","post","type-post","status-publish","format-standard","has-post-thumbnail","hentry","category-deportes","tag-juegos-centroamericanos-2026"],"jetpack_publicize_connections":[],"jetpack_sharing_enabled":true,"jetpack_featured_media_url":"https:\/\/images.panoramatv.com.do\/wp-content\/uploads\/2026\/08\/cardenas.jpg","jetpack_likes_enabled":true,"jetpack-related-posts":[],"_links":{"self":[{"href":"https:\/\/panoramatv.com.do\/index.php\/wp-json\/wp\/v2\/posts\/21118","targetHints":{"allow":["GET"]}}],"collection":[{"href":"https:\/\/panoramatv.com.do\/index.php\/wp-json\/wp\/v2\/posts"}],"about":[{"href":"https:\/\/panoramatv.com.do\/index.php\/wp-json\/wp\/v2\/types\/post"}],"author":[{"embeddable":true,"href":"https:\/\/panoramatv.com.do\/index.php\/wp-json\/wp\/v2\/users\/1"}],"replies":[{"embeddable":true,"href":"https:\/\/panoramatv.com.do\/index.php\/wp-json\/wp\/v2\/comments?post=21118"}],"version-history":[{"count":1,"href":"https:\/\/panoramatv.com.do\/index.php\/wp-json\/wp\/v2\/posts\/21118\/revisions"}],"predecessor-version":[{"id":21120,"href":"https:\/\/panoramatv.com.do\/index.php\/wp-json\/wp\/v2\/posts\/21118\/revisions\/21120"}],"wp:featuredmedia":[{"embeddable":true,"href":"https:\/\/panoramatv.com.do\/index.php\/wp-json\/wp\/v2\/media\/21119"}],"wp:attachment":[{"href":"https:\/\/panoramatv.com.do\/index.php\/wp-json\/wp\/v2\/media?parent=21118"}],"wp:term":[{"taxonomy":"category","embeddable":true,"href":"https:\/\/panoramatv.com.do\/index.php\/wp-json\/wp\/v2\/categories?post=21118"},{"taxonomy":"post_tag","embeddable":true,"href":"https:\/\/panoramatv.com.do\/index.php\/wp-json\/wp\/v2\/tags?post=21118"}],"curies":[{"name":"wp","href":"https:\/\/api.w.org\/{rel}","templated":true}]}}