{"id":21115,"date":"2026-08-07T07:37:40","date_gmt":"2026-08-07T11:37:40","guid":{"rendered":"https:\/\/panoramatv.com.do\/?p=21115"},"modified":"2026-08-07T07:37:44","modified_gmt":"2026-08-07T11:37:44","slug":"mexicano-jorge-cardenas-gana-el-oro-en-arranque-de-los-71-kg","status":"publish","type":"post","link":"https:\/\/panoramatv.com.do\/index.php\/2026\/08\/07\/mexicano-jorge-cardenas-gana-el-oro-en-arranque-de-los-71-kg\/","title":{"rendered":"Mexicano Jorge C\u00e1rdenas gana el oro en arranque de los 71 kg"},"content":{"rendered":"\n<p class=\"wp-block-paragraph\">El mexicano Jorge C\u00e1rdenas conquist\u00f3 la medalla de oro en la modalidad de arranque de los 71 kilogramos del levantamiento de pesas de los XXV Juegos Centroamericanos y del Caribe Santo Domingo 2026, tras imponerse en un emocionante duelo al venezolano Neiner Arango.<\/p>\n\n\n\n<p class=\"wp-block-paragraph\">Ambos atletas igualaron el r\u00e9cord de la competencia al levantar 150 kilogramos, pero C\u00e1rdenas se qued\u00f3 con el primer lugar al completar la marca antes que Arango. El venezolano intent\u00f3 superar el registro con 152 kilogramos en su tercer intento, pero fall\u00f3 y se conform\u00f3 con la medalla de plata.<\/p>\n\n\n\n<p class=\"wp-block-paragraph\">El dominicano Francisco Tont\u00f3n complet\u00f3 el podio al conquistar la medalla de bronce con un levantamiento de 136 kilogramos.<\/p>\n\n\n<div class=\"wp-block-image\">\n<figure class=\"aligncenter size-full\"><img loading=\"lazy\" decoding=\"async\" width=\"1024\" height=\"767\" src=\"https:\/\/images.panoramatv.com.do\/wp-content\/uploads\/2026\/08\/arango-1024x767-1.jpg\" alt=\"\" class=\"wp-image-21116\"\/><\/figure>\n<\/div>","protected":false},"excerpt":{"rendered":"<p>El mexicano Jorge C\u00e1rdenas conquist\u00f3 la medalla de oro en la modalidad de arranque de los 71 kilogramos del levantamiento de pesas de los XXV Juegos Centroamericanos y del Caribe Santo Domingo 2026, tras imponerse en un emocionante duelo al venezolano Neiner Arango. Ambos atletas igualaron el r\u00e9cord de la competencia al levantar 150 kilogramos, [&hellip;]<\/p>\n","protected":false},"author":1,"featured_media":21116,"comment_status":"open","ping_status":"open","sticky":false,"template":"","format":"standard","meta":{"_jetpack_memberships_contains_paid_content":false,"footnotes":"","jetpack_publicize_message":"","jetpack_publicize_feature_enabled":true,"jetpack_social_post_already_shared":true,"jetpack_social_options":{"image_generator_settings":{"template":"highway","enabled":false}}},"categories":[3728],"tags":[3717],"class_list":["post-21115","post","type-post","status-publish","format-standard","has-post-thumbnail","hentry","category-deportes","tag-juegos-centroamericanos-2026"],"jetpack_publicize_connections":[],"jetpack_sharing_enabled":true,"jetpack_featured_media_url":"https:\/\/images.panoramatv.com.do\/wp-content\/uploads\/2026\/08\/arango-1024x767-1.jpg","jetpack_likes_enabled":true,"jetpack-related-posts":[],"_links":{"self":[{"href":"https:\/\/panoramatv.com.do\/index.php\/wp-json\/wp\/v2\/posts\/21115","targetHints":{"allow":["GET"]}}],"collection":[{"href":"https:\/\/panoramatv.com.do\/index.php\/wp-json\/wp\/v2\/posts"}],"about":[{"href":"https:\/\/panoramatv.com.do\/index.php\/wp-json\/wp\/v2\/types\/post"}],"author":[{"embeddable":true,"href":"https:\/\/panoramatv.com.do\/index.php\/wp-json\/wp\/v2\/users\/1"}],"replies":[{"embeddable":true,"href":"https:\/\/panoramatv.com.do\/index.php\/wp-json\/wp\/v2\/comments?post=21115"}],"version-history":[{"count":1,"href":"https:\/\/panoramatv.com.do\/index.php\/wp-json\/wp\/v2\/posts\/21115\/revisions"}],"predecessor-version":[{"id":21117,"href":"https:\/\/panoramatv.com.do\/index.php\/wp-json\/wp\/v2\/posts\/21115\/revisions\/21117"}],"wp:featuredmedia":[{"embeddable":true,"href":"https:\/\/panoramatv.com.do\/index.php\/wp-json\/wp\/v2\/media\/21116"}],"wp:attachment":[{"href":"https:\/\/panoramatv.com.do\/index.php\/wp-json\/wp\/v2\/media?parent=21115"}],"wp:term":[{"taxonomy":"category","embeddable":true,"href":"https:\/\/panoramatv.com.do\/index.php\/wp-json\/wp\/v2\/categories?post=21115"},{"taxonomy":"post_tag","embeddable":true,"href":"https:\/\/panoramatv.com.do\/index.php\/wp-json\/wp\/v2\/tags?post=21115"}],"curies":[{"name":"wp","href":"https:\/\/api.w.org\/{rel}","templated":true}]}}