{"id":2111,"date":"2020-11-28T08:48:50","date_gmt":"2020-11-28T12:48:50","guid":{"rendered":"https:\/\/panoramatv.com.do\/?p=2111"},"modified":"2020-11-28T08:51:21","modified_gmt":"2020-11-28T12:51:21","slug":"ministro-de-hacienda-preside-reunion-consejo-superior-del-capgefi","status":"publish","type":"post","link":"https:\/\/panoramatv.com.do\/index.php\/2020\/11\/28\/ministro-de-hacienda-preside-reunion-consejo-superior-del-capgefi\/","title":{"rendered":"Ministro de Hacienda preside reuni\u00f3n consejo superior del CAPGEFI"},"content":{"rendered":"\n<p><strong>Santo Domingo (D.N.). \u2013<\/strong>El ministro de Hacienda, Jos\u00e9 Manuel (Jochi) Vicente, presidi\u00f3 la reuni\u00f3n del Consejo Superior del Centro de Capacitaci\u00f3n en Pol\u00edtica y Gesti\u00f3n Fiscal (CAPGEFI), instituci\u00f3n que depende de ese ministerio y es la responsable del adiestramiento en la tem\u00e1tica de las finanzas p\u00fablicas.<\/p>\n\n\n\n<p>En la asamblea se aprob\u00f3 la programaci\u00f3n regular 2021, donde destacan las actividades de capacitaci\u00f3n dirigidas al personal que se desempe\u00f1a en la administraci\u00f3n financiera gubernamental; la plantilla de facilitadores; una resoluci\u00f3n especial para denominar el sal\u00f3n de audiovisuales del centro con el nombre de Ivelisse Prats Ram\u00edrez y la creaci\u00f3n de la c\u00e1tedra magistral en honor a la fallecida maestra.<\/p>\n\n\n\n<p>Durante el encuentro, el director general del CAPGEFI, licenciado Juan Jos\u00e9 Disla, quien, adem\u00e1s es secretario ejecutivo del Consejo Superior, present\u00f3 los hitos de esa instituci\u00f3n, indicando que desde el 2012 a la fecha, el centro ha impactado m\u00e1s de 100 mil funcionarios y t\u00e9cnicos del sector, en toda la geograf\u00eda nacional.<\/p>\n\n\n\n<p>En la reuni\u00f3n, adem\u00e1s del ministro de Hacienda y el director del CAPGEFI, participaron los miembros F\u00e9lix Santana, director general de Contabilidad Gubernamental (DIGECOG), Maria Jos\u00e9 Mart\u00ednez, directora de Cr\u00e9dito P\u00fablico; Jos\u00e9 Rijo Presbot, director de Presupuesto; Carlos Pimentel, director de Compras y Contrataciones P\u00fablicas; Gian Lucas Marra, asesor del ministerio de Hacienda; Maxy Alexander Quezada, representante del Tesorero Nacional, Catalino Correa Hiciano.<\/p>\n\n\n\n<p>El Centro de Capacitaci\u00f3n en Pol\u00edtica y Gesti\u00f3n Fiscal, es un \u00e1rea funcional del ministerio de Hacienda, creada mediante la Ley 494-06, del a\u00f1o 2006, responsable de impulsar el perfeccionamiento de los recursos humanos que participan en los procesos de pol\u00edtica y gesti\u00f3n fiscal, con el objetivo de imprimir a la administraci\u00f3n p\u00fablica, en el \u00e1rea financiera, una acci\u00f3n m\u00e1s efectiva y oportuna, mediante un alto nivel de capacitaci\u00f3n.<\/p>\n\n\n\n<figure class=\"wp-block-gallery columns-2 is-cropped wp-block-gallery-1 is-layout-flex wp-block-gallery-is-layout-flex\"><ul class=\"blocks-gallery-grid\"><li class=\"blocks-gallery-item\"><figure><img decoding=\"async\" src=\"https:\/\/images.panoramatv.com.do\/wp-content\/uploads\/2020\/11\/V-6-1024x683.jpg\" alt=\"\" data-id=\"2112\" data-full-url=\"https:\/\/images.panoramatv.com.do\/wp-content\/uploads\/2020\/11\/V-6.jpg\" data-link=\"https:\/\/panoramatv.com.do\/?attachment_id=2112\" class=\"wp-image-2112\"\/><\/figure><\/li><li class=\"blocks-gallery-item\"><figure><img decoding=\"async\" src=\"https:\/\/images.panoramatv.com.do\/wp-content\/uploads\/2020\/11\/0-83-1024x683.jpg\" alt=\"\" data-id=\"2113\" data-full-url=\"https:\/\/images.panoramatv.com.do\/wp-content\/uploads\/2020\/11\/0-83.jpg\" data-link=\"https:\/\/panoramatv.com.do\/?attachment_id=2113\" class=\"wp-image-2113\"\/><\/figure><\/li><\/ul><\/figure>\n","protected":false},"excerpt":{"rendered":"<p>Santo Domingo (D.N.). \u2013El ministro de Hacienda, Jos\u00e9 Manuel (Jochi) Vicente, presidi\u00f3 la reuni\u00f3n del Consejo Superior del Centro de Capacitaci\u00f3n en Pol\u00edtica y Gesti\u00f3n Fiscal (CAPGEFI), instituci\u00f3n que depende de ese ministerio y es la responsable del adiestramiento en la tem\u00e1tica de las finanzas p\u00fablicas. En la asamblea se aprob\u00f3 la programaci\u00f3n regular 2021, [&hellip;]<\/p>\n","protected":false},"author":1,"featured_media":2112,"comment_status":"open","ping_status":"open","sticky":false,"template":"","format":"standard","meta":{"_jetpack_memberships_contains_paid_content":false,"footnotes":"","jetpack_publicize_message":"","jetpack_publicize_feature_enabled":true,"jetpack_social_post_already_shared":true,"jetpack_social_options":{"image_generator_settings":{"template":"highway","enabled":false}}},"categories":[1],"tags":[391],"class_list":["post-2111","post","type-post","status-publish","format-standard","has-post-thumbnail","hentry","category-actualidad","tag-ministro-de-hacienda"],"jetpack_publicize_connections":[],"jetpack_sharing_enabled":true,"jetpack_featured_media_url":"https:\/\/panoramatv.com.do\/wp-content\/uploads\/2020\/11\/V-6.jpg","jetpack_likes_enabled":true,"jetpack-related-posts":[],"_links":{"self":[{"href":"https:\/\/panoramatv.com.do\/index.php\/wp-json\/wp\/v2\/posts\/2111","targetHints":{"allow":["GET"]}}],"collection":[{"href":"https:\/\/panoramatv.com.do\/index.php\/wp-json\/wp\/v2\/posts"}],"about":[{"href":"https:\/\/panoramatv.com.do\/index.php\/wp-json\/wp\/v2\/types\/post"}],"author":[{"embeddable":true,"href":"https:\/\/panoramatv.com.do\/index.php\/wp-json\/wp\/v2\/users\/1"}],"replies":[{"embeddable":true,"href":"https:\/\/panoramatv.com.do\/index.php\/wp-json\/wp\/v2\/comments?post=2111"}],"version-history":[{"count":0,"href":"https:\/\/panoramatv.com.do\/index.php\/wp-json\/wp\/v2\/posts\/2111\/revisions"}],"wp:featuredmedia":[{"embeddable":true,"href":"https:\/\/panoramatv.com.do\/index.php\/wp-json\/wp\/v2\/media\/2112"}],"wp:attachment":[{"href":"https:\/\/panoramatv.com.do\/index.php\/wp-json\/wp\/v2\/media?parent=2111"}],"wp:term":[{"taxonomy":"category","embeddable":true,"href":"https:\/\/panoramatv.com.do\/index.php\/wp-json\/wp\/v2\/categories?post=2111"},{"taxonomy":"post_tag","embeddable":true,"href":"https:\/\/panoramatv.com.do\/index.php\/wp-json\/wp\/v2\/tags?post=2111"}],"curies":[{"name":"wp","href":"https:\/\/api.w.org\/{rel}","templated":true}]}}