{"id":21109,"date":"2026-08-07T07:34:54","date_gmt":"2026-08-07T11:34:54","guid":{"rendered":"https:\/\/panoramatv.com.do\/?p=21109"},"modified":"2026-08-07T07:34:57","modified_gmt":"2026-08-07T11:34:57","slug":"caracas-avanza-en-el-proceso-para-aspirar-a-los-juegos-centroamericanos-y-del-caribe-2030","status":"publish","type":"post","link":"https:\/\/panoramatv.com.do\/index.php\/2026\/08\/07\/caracas-avanza-en-el-proceso-para-aspirar-a-los-juegos-centroamericanos-y-del-caribe-2030\/","title":{"rendered":"Caracas avanza en el proceso para aspirar a los Juegos Centroamericanos y del Caribe 2030"},"content":{"rendered":"\n<p class=\"wp-block-paragraph\">El Comit\u00e9 Ejecutivo de Centro Caribe Sports aprob\u00f3 la hoja de ruta para evaluar la candidatura de Caracas como sede de los XXVI Juegos Centroamericanos y del Caribe 2030. La decisi\u00f3n inicia formalmente el proceso de evaluaci\u00f3n, aunque no representa la designaci\u00f3n de la capital venezolana como sede del evento.<\/p>\n\n\n\n<p class=\"wp-block-paragraph\">El Comit\u00e9 Ol\u00edmpico Venezolano tendr\u00e1 hasta 90 d\u00edas para presentar el expediente definitivo de la candidatura. Luego, la Comisi\u00f3n de Futuras Sedes realizar\u00e1 una visita de inspecci\u00f3n y elaborar\u00e1 un informe que ser\u00e1 analizado por el Comit\u00e9 Ejecutivo, el cual decidir\u00e1 si convoca a una Asamblea Extraordinaria para escoger la sede.<\/p>\n\n\n\n<p class=\"wp-block-paragraph\">La candidatura cuenta con el respaldo del Gobierno de Venezuela y fue presentada oficialmente por el Comit\u00e9 Ol\u00edmpico Venezolano. De ser aprobada, Caracas volver\u00eda a albergar los Juegos Centroamericanos y del Caribe por primera vez desde 1959, mientras que Venezuela ser\u00eda sede del certamen por tercera ocasi\u00f3n.<\/p>\n\n\n<div class=\"wp-block-image\">\n<figure class=\"aligncenter size-full\"><img loading=\"lazy\" decoding=\"async\" width=\"1280\" height=\"854\" src=\"https:\/\/images.panoramatv.com.do\/wp-content\/uploads\/2026\/08\/WhatsApp-Image-2026-08-06-at-3.55.27-PM-2.jpg\" alt=\"\" class=\"wp-image-21110\"\/><\/figure>\n<\/div>","protected":false},"excerpt":{"rendered":"<p>El Comit\u00e9 Ejecutivo de Centro Caribe Sports aprob\u00f3 la hoja de ruta para evaluar la candidatura de Caracas como sede de los XXVI Juegos Centroamericanos y del Caribe 2030. La decisi\u00f3n inicia formalmente el proceso de evaluaci\u00f3n, aunque no representa la designaci\u00f3n de la capital venezolana como sede del evento. El Comit\u00e9 Ol\u00edmpico Venezolano tendr\u00e1 [&hellip;]<\/p>\n","protected":false},"author":1,"featured_media":21110,"comment_status":"open","ping_status":"open","sticky":false,"template":"","format":"standard","meta":{"_jetpack_memberships_contains_paid_content":false,"footnotes":"","jetpack_publicize_message":"","jetpack_publicize_feature_enabled":true,"jetpack_social_post_already_shared":true,"jetpack_social_options":{"image_generator_settings":{"template":"highway","enabled":false}}},"categories":[3728],"tags":[3717],"class_list":["post-21109","post","type-post","status-publish","format-standard","has-post-thumbnail","hentry","category-deportes","tag-juegos-centroamericanos-2026"],"jetpack_publicize_connections":[],"jetpack_sharing_enabled":true,"jetpack_featured_media_url":"https:\/\/images.panoramatv.com.do\/wp-content\/uploads\/2026\/08\/WhatsApp-Image-2026-08-06-at-3.55.27-PM-2.jpg","jetpack_likes_enabled":true,"jetpack-related-posts":[],"_links":{"self":[{"href":"https:\/\/panoramatv.com.do\/index.php\/wp-json\/wp\/v2\/posts\/21109","targetHints":{"allow":["GET"]}}],"collection":[{"href":"https:\/\/panoramatv.com.do\/index.php\/wp-json\/wp\/v2\/posts"}],"about":[{"href":"https:\/\/panoramatv.com.do\/index.php\/wp-json\/wp\/v2\/types\/post"}],"author":[{"embeddable":true,"href":"https:\/\/panoramatv.com.do\/index.php\/wp-json\/wp\/v2\/users\/1"}],"replies":[{"embeddable":true,"href":"https:\/\/panoramatv.com.do\/index.php\/wp-json\/wp\/v2\/comments?post=21109"}],"version-history":[{"count":1,"href":"https:\/\/panoramatv.com.do\/index.php\/wp-json\/wp\/v2\/posts\/21109\/revisions"}],"predecessor-version":[{"id":21111,"href":"https:\/\/panoramatv.com.do\/index.php\/wp-json\/wp\/v2\/posts\/21109\/revisions\/21111"}],"wp:featuredmedia":[{"embeddable":true,"href":"https:\/\/panoramatv.com.do\/index.php\/wp-json\/wp\/v2\/media\/21110"}],"wp:attachment":[{"href":"https:\/\/panoramatv.com.do\/index.php\/wp-json\/wp\/v2\/media?parent=21109"}],"wp:term":[{"taxonomy":"category","embeddable":true,"href":"https:\/\/panoramatv.com.do\/index.php\/wp-json\/wp\/v2\/categories?post=21109"},{"taxonomy":"post_tag","embeddable":true,"href":"https:\/\/panoramatv.com.do\/index.php\/wp-json\/wp\/v2\/tags?post=21109"}],"curies":[{"name":"wp","href":"https:\/\/api.w.org\/{rel}","templated":true}]}}