{"id":21103,"date":"2026-08-07T07:30:01","date_gmt":"2026-08-07T11:30:01","guid":{"rendered":"https:\/\/panoramatv.com.do\/?p=21103"},"modified":"2026-08-07T07:30:05","modified_gmt":"2026-08-07T11:30:05","slug":"esmeralda-butler-conquista-el-oro-para-puerto-rico-en-los-juegos-centroamericanos-y-del-caribe","status":"publish","type":"post","link":"https:\/\/panoramatv.com.do\/index.php\/2026\/08\/07\/esmeralda-butler-conquista-el-oro-para-puerto-rico-en-los-juegos-centroamericanos-y-del-caribe\/","title":{"rendered":"Esmeralda Butler conquista el oro para Puerto Rico en los Juegos Centroamericanos y del Caribe"},"content":{"rendered":"\n<p class=\"wp-block-paragraph\"><strong>Santo Domingo.<\/strong> \u2013 <strong>Puerto Rico<\/strong> conquist\u00f3 la medalla de oro gracias a la sobresaliente actuaci\u00f3n de <strong>Esmeralda Butler<\/strong>, quien se proclam\u00f3 campeona de los <strong>XXV Juegos Centroamericanos y del Caribe Santo Domingo 2026<\/strong> al registrar una puntuaci\u00f3n de <strong>150.76<\/strong>.<\/p>\n\n\n\n<p class=\"wp-block-paragraph\">La <strong>medalla de plata<\/strong> fue para la mexicana <strong>Geraldine S\u00e1nchez<\/strong>, con <strong>90.62 puntos<\/strong>, mientras que el <strong>bronce<\/strong> qued\u00f3 en manos de la venezolana <strong>Mar\u00eda Arias<\/strong>, quien acumul\u00f3 <strong>80.08 unidades<\/strong>.<\/p>\n\n\n\n<p class=\"wp-block-paragraph\">Las tres atletas protagonizaron una destacada competencia, demostrando un alto nivel t\u00e9cnico durante la prueba y asegurando un lugar en el podio de la justa regional.<\/p>\n\n\n\n<p class=\"wp-block-paragraph\">Con estos resultados, Puerto Rico sum\u00f3 una nueva presea dorada a su medallero, seguido por M\u00e9xico y Venezuela, cuyos representantes tambi\u00e9n tuvieron una sobresaliente actuaci\u00f3n en los Juegos Centroamericanos y del Caribe Santo Domingo 2026.<\/p>\n\n\n<div class=\"wp-block-image\">\n<figure class=\"aligncenter size-full\"><img loading=\"lazy\" decoding=\"async\" width=\"1024\" height=\"670\" src=\"https:\/\/images.panoramatv.com.do\/wp-content\/uploads\/2026\/08\/5tCSq-Ow.jpg\" alt=\"\" class=\"wp-image-21104\"\/><\/figure>\n<\/div>","protected":false},"excerpt":{"rendered":"<p>Santo Domingo. \u2013 Puerto Rico conquist\u00f3 la medalla de oro gracias a la sobresaliente actuaci\u00f3n de Esmeralda Butler, quien se proclam\u00f3 campeona de los XXV Juegos Centroamericanos y del Caribe Santo Domingo 2026 al registrar una puntuaci\u00f3n de 150.76. La medalla de plata fue para la mexicana Geraldine S\u00e1nchez, con 90.62 puntos, mientras que el [&hellip;]<\/p>\n","protected":false},"author":1,"featured_media":21104,"comment_status":"open","ping_status":"open","sticky":false,"template":"","format":"standard","meta":{"_jetpack_memberships_contains_paid_content":false,"footnotes":"","jetpack_publicize_message":"","jetpack_publicize_feature_enabled":true,"jetpack_social_post_already_shared":true,"jetpack_social_options":{"image_generator_settings":{"template":"highway","enabled":false}}},"categories":[3728],"tags":[3717],"class_list":["post-21103","post","type-post","status-publish","format-standard","has-post-thumbnail","hentry","category-deportes","tag-juegos-centroamericanos-2026"],"jetpack_publicize_connections":[],"jetpack_sharing_enabled":true,"jetpack_featured_media_url":"https:\/\/images.panoramatv.com.do\/wp-content\/uploads\/2026\/08\/5tCSq-Ow.jpg","jetpack_likes_enabled":true,"jetpack-related-posts":[],"_links":{"self":[{"href":"https:\/\/panoramatv.com.do\/index.php\/wp-json\/wp\/v2\/posts\/21103","targetHints":{"allow":["GET"]}}],"collection":[{"href":"https:\/\/panoramatv.com.do\/index.php\/wp-json\/wp\/v2\/posts"}],"about":[{"href":"https:\/\/panoramatv.com.do\/index.php\/wp-json\/wp\/v2\/types\/post"}],"author":[{"embeddable":true,"href":"https:\/\/panoramatv.com.do\/index.php\/wp-json\/wp\/v2\/users\/1"}],"replies":[{"embeddable":true,"href":"https:\/\/panoramatv.com.do\/index.php\/wp-json\/wp\/v2\/comments?post=21103"}],"version-history":[{"count":1,"href":"https:\/\/panoramatv.com.do\/index.php\/wp-json\/wp\/v2\/posts\/21103\/revisions"}],"predecessor-version":[{"id":21105,"href":"https:\/\/panoramatv.com.do\/index.php\/wp-json\/wp\/v2\/posts\/21103\/revisions\/21105"}],"wp:featuredmedia":[{"embeddable":true,"href":"https:\/\/panoramatv.com.do\/index.php\/wp-json\/wp\/v2\/media\/21104"}],"wp:attachment":[{"href":"https:\/\/panoramatv.com.do\/index.php\/wp-json\/wp\/v2\/media?parent=21103"}],"wp:term":[{"taxonomy":"category","embeddable":true,"href":"https:\/\/panoramatv.com.do\/index.php\/wp-json\/wp\/v2\/categories?post=21103"},{"taxonomy":"post_tag","embeddable":true,"href":"https:\/\/panoramatv.com.do\/index.php\/wp-json\/wp\/v2\/tags?post=21103"}],"curies":[{"name":"wp","href":"https:\/\/api.w.org\/{rel}","templated":true}]}}