{"id":21076,"date":"2026-08-06T09:28:14","date_gmt":"2026-08-06T13:28:14","guid":{"rendered":"https:\/\/panoramatv.com.do\/?p=21076"},"modified":"2026-08-06T09:28:18","modified_gmt":"2026-08-06T13:28:18","slug":"pedropablo-de-la-rosa-conquista-el-oro-en-los-60-kg-del-karate","status":"publish","type":"post","link":"https:\/\/panoramatv.com.do\/index.php\/2026\/08\/06\/pedropablo-de-la-rosa-conquista-el-oro-en-los-60-kg-del-karate\/","title":{"rendered":"Pedropablo de la Rosa conquista el oro en los -60 kg del karate"},"content":{"rendered":"\n<p class=\"wp-block-paragraph\">SANTO DOMINGO.\u2013 El guatemalteco Pedropablo de la Rosa se coron\u00f3 este mi\u00e9rcoles campe\u00f3n de la categor\u00eda de -60 kilogramos del torneo de karate de los XXV Juegos Centroamericanos y del Caribe Santo Domingo 2026.<\/p>\n\n\n\n<p class=\"wp-block-paragraph\">De la Rosa conquist\u00f3 la medalla de oro tras imponerse por 3-0 al venezolano Wilmer P\u00e9rez, quien obtuvo la presea de plata.<\/p>\n\n\n\n<p class=\"wp-block-paragraph\">La medalla de bronce fue para el colombiano Juan Forero, vencedor por 10-2 del puertorrique\u00f1o Jake Ruiz en el combate por el tercer lugar.<\/p>\n\n\n<div class=\"wp-block-image\">\n<figure class=\"aligncenter size-full\"><img loading=\"lazy\" decoding=\"async\" width=\"1280\" height=\"861\" src=\"https:\/\/images.panoramatv.com.do\/wp-content\/uploads\/2026\/08\/GUATEMALA-ORO.jpg\" alt=\"\" class=\"wp-image-21077\"\/><\/figure>\n<\/div>","protected":false},"excerpt":{"rendered":"<p>SANTO DOMINGO.\u2013 El guatemalteco Pedropablo de la Rosa se coron\u00f3 este mi\u00e9rcoles campe\u00f3n de la categor\u00eda de -60 kilogramos del torneo de karate de los XXV Juegos Centroamericanos y del Caribe Santo Domingo 2026. De la Rosa conquist\u00f3 la medalla de oro tras imponerse por 3-0 al venezolano Wilmer P\u00e9rez, quien obtuvo la presea de [&hellip;]<\/p>\n","protected":false},"author":1,"featured_media":21077,"comment_status":"open","ping_status":"open","sticky":false,"template":"","format":"standard","meta":{"_jetpack_memberships_contains_paid_content":false,"footnotes":"","jetpack_publicize_message":"","jetpack_publicize_feature_enabled":true,"jetpack_social_post_already_shared":true,"jetpack_social_options":{"image_generator_settings":{"template":"highway","enabled":false}}},"categories":[3728],"tags":[3717],"class_list":["post-21076","post","type-post","status-publish","format-standard","has-post-thumbnail","hentry","category-deportes","tag-juegos-centroamericanos-2026"],"jetpack_publicize_connections":[],"jetpack_sharing_enabled":true,"jetpack_featured_media_url":"https:\/\/images.panoramatv.com.do\/wp-content\/uploads\/2026\/08\/GUATEMALA-ORO.jpg","jetpack_likes_enabled":true,"jetpack-related-posts":[],"_links":{"self":[{"href":"https:\/\/panoramatv.com.do\/index.php\/wp-json\/wp\/v2\/posts\/21076","targetHints":{"allow":["GET"]}}],"collection":[{"href":"https:\/\/panoramatv.com.do\/index.php\/wp-json\/wp\/v2\/posts"}],"about":[{"href":"https:\/\/panoramatv.com.do\/index.php\/wp-json\/wp\/v2\/types\/post"}],"author":[{"embeddable":true,"href":"https:\/\/panoramatv.com.do\/index.php\/wp-json\/wp\/v2\/users\/1"}],"replies":[{"embeddable":true,"href":"https:\/\/panoramatv.com.do\/index.php\/wp-json\/wp\/v2\/comments?post=21076"}],"version-history":[{"count":1,"href":"https:\/\/panoramatv.com.do\/index.php\/wp-json\/wp\/v2\/posts\/21076\/revisions"}],"predecessor-version":[{"id":21078,"href":"https:\/\/panoramatv.com.do\/index.php\/wp-json\/wp\/v2\/posts\/21076\/revisions\/21078"}],"wp:featuredmedia":[{"embeddable":true,"href":"https:\/\/panoramatv.com.do\/index.php\/wp-json\/wp\/v2\/media\/21077"}],"wp:attachment":[{"href":"https:\/\/panoramatv.com.do\/index.php\/wp-json\/wp\/v2\/media?parent=21076"}],"wp:term":[{"taxonomy":"category","embeddable":true,"href":"https:\/\/panoramatv.com.do\/index.php\/wp-json\/wp\/v2\/categories?post=21076"},{"taxonomy":"post_tag","embeddable":true,"href":"https:\/\/panoramatv.com.do\/index.php\/wp-json\/wp\/v2\/tags?post=21076"}],"curies":[{"name":"wp","href":"https:\/\/api.w.org\/{rel}","templated":true}]}}