{"id":21063,"date":"2026-08-06T09:02:16","date_gmt":"2026-08-06T13:02:16","guid":{"rendered":"https:\/\/panoramatv.com.do\/?p=21063"},"modified":"2026-08-06T09:02:20","modified_gmt":"2026-08-06T13:02:20","slug":"marileidy-paulino-gana-el-oro-y-rompe-record-en-los-400-metros","status":"publish","type":"post","link":"https:\/\/panoramatv.com.do\/index.php\/2026\/08\/06\/marileidy-paulino-gana-el-oro-y-rompe-record-en-los-400-metros\/","title":{"rendered":"Marileidy Paulino gana el oro y rompe r\u00e9cord en los 400 metros"},"content":{"rendered":"\n<p class=\"wp-block-paragraph\">SANTO DOMINGO.\u2013 La dominicana Marileidy Paulino conquist\u00f3 este mi\u00e9rcoles la medalla de oro en los 400 metros femeninos del torneo de atletismo de los XXV Juegos Centroamericanos y del Caribe Santo Domingo 2026, al imponer un nuevo r\u00e9cord de la competencia.<\/p>\n\n\n\n<p class=\"wp-block-paragraph\">Bajo una intensa lluvia, Paulino cruz\u00f3 la meta con un tiempo de 48.94 segundos, superando la marca que ella misma hab\u00eda establecido en San Salvador 2023. La cubana Roxana G\u00f3mez obtuvo la medalla de plata con registro de 49.99 segundos.<\/p>\n\n\n\n<p class=\"wp-block-paragraph\">El bronce fue para Shafiqua Maloney, de San Vicente y las Granadinas, con un tiempo de 51.77 segundos. Completaron la clasificaci\u00f3n Andrea Rivera y Gabriela Scott, de Puerto Rico; Taejha Badal, de Trinidad y Tobago; Lina Licona, de Colombia; y la dominicana Anabel Medina, quien finaliz\u00f3 en la octava posici\u00f3n.<\/p>\n\n\n<div class=\"wp-block-image\">\n<figure class=\"aligncenter size-full\"><img loading=\"lazy\" decoding=\"async\" width=\"1024\" height=\"696\" src=\"https:\/\/images.panoramatv.com.do\/wp-content\/uploads\/2026\/08\/MARILEIDY2-1024x696-1.jpg\" alt=\"\" class=\"wp-image-21064\"\/><\/figure>\n<\/div>","protected":false},"excerpt":{"rendered":"<p>SANTO DOMINGO.\u2013 La dominicana Marileidy Paulino conquist\u00f3 este mi\u00e9rcoles la medalla de oro en los 400 metros femeninos del torneo de atletismo de los XXV Juegos Centroamericanos y del Caribe Santo Domingo 2026, al imponer un nuevo r\u00e9cord de la competencia. Bajo una intensa lluvia, Paulino cruz\u00f3 la meta con un tiempo de 48.94 segundos, [&hellip;]<\/p>\n","protected":false},"author":1,"featured_media":21064,"comment_status":"open","ping_status":"open","sticky":false,"template":"","format":"standard","meta":{"_jetpack_memberships_contains_paid_content":false,"footnotes":"","jetpack_publicize_message":"","jetpack_publicize_feature_enabled":true,"jetpack_social_post_already_shared":true,"jetpack_social_options":{"image_generator_settings":{"template":"highway","enabled":false}}},"categories":[3728],"tags":[3717],"class_list":["post-21063","post","type-post","status-publish","format-standard","has-post-thumbnail","hentry","category-deportes","tag-juegos-centroamericanos-2026"],"jetpack_publicize_connections":[],"jetpack_sharing_enabled":true,"jetpack_featured_media_url":"https:\/\/images.panoramatv.com.do\/wp-content\/uploads\/2026\/08\/MARILEIDY2-1024x696-1.jpg","jetpack_likes_enabled":true,"jetpack-related-posts":[],"_links":{"self":[{"href":"https:\/\/panoramatv.com.do\/index.php\/wp-json\/wp\/v2\/posts\/21063","targetHints":{"allow":["GET"]}}],"collection":[{"href":"https:\/\/panoramatv.com.do\/index.php\/wp-json\/wp\/v2\/posts"}],"about":[{"href":"https:\/\/panoramatv.com.do\/index.php\/wp-json\/wp\/v2\/types\/post"}],"author":[{"embeddable":true,"href":"https:\/\/panoramatv.com.do\/index.php\/wp-json\/wp\/v2\/users\/1"}],"replies":[{"embeddable":true,"href":"https:\/\/panoramatv.com.do\/index.php\/wp-json\/wp\/v2\/comments?post=21063"}],"version-history":[{"count":1,"href":"https:\/\/panoramatv.com.do\/index.php\/wp-json\/wp\/v2\/posts\/21063\/revisions"}],"predecessor-version":[{"id":21065,"href":"https:\/\/panoramatv.com.do\/index.php\/wp-json\/wp\/v2\/posts\/21063\/revisions\/21065"}],"wp:featuredmedia":[{"embeddable":true,"href":"https:\/\/panoramatv.com.do\/index.php\/wp-json\/wp\/v2\/media\/21064"}],"wp:attachment":[{"href":"https:\/\/panoramatv.com.do\/index.php\/wp-json\/wp\/v2\/media?parent=21063"}],"wp:term":[{"taxonomy":"category","embeddable":true,"href":"https:\/\/panoramatv.com.do\/index.php\/wp-json\/wp\/v2\/categories?post=21063"},{"taxonomy":"post_tag","embeddable":true,"href":"https:\/\/panoramatv.com.do\/index.php\/wp-json\/wp\/v2\/tags?post=21063"}],"curies":[{"name":"wp","href":"https:\/\/api.w.org\/{rel}","templated":true}]}}