{"id":21060,"date":"2026-08-06T09:00:39","date_gmt":"2026-08-06T13:00:39","guid":{"rendered":"https:\/\/panoramatv.com.do\/?p=21060"},"modified":"2026-08-06T09:00:42","modified_gmt":"2026-08-06T13:00:42","slug":"puerto-rico-avanza-a-la-final-de-dobles-mixtos-en-tenis-de-mesa","status":"publish","type":"post","link":"https:\/\/panoramatv.com.do\/index.php\/2026\/08\/06\/puerto-rico-avanza-a-la-final-de-dobles-mixtos-en-tenis-de-mesa\/","title":{"rendered":"Puerto Rico avanza a la final de dobles mixtos en tenis de mesa"},"content":{"rendered":"\n<p class=\"wp-block-paragraph\">SANTO DOMINGO.\u2013 Los puertorrique\u00f1os \u00c1ngel Naranjo y Adriana D\u00edaz avanzaron este mi\u00e9rcoles a la final de dobles mixtos del torneo de tenis de mesa de los XXV Juegos Centroamericanos y del Caribe Santo Domingo 2026, al vencer 3-0 (14-12, 11-4 y 13-11) a los dominicanos Ram\u00f3n Vila y Eva Brito.<\/p>\n\n\n\n<p class=\"wp-block-paragraph\">La dupla boricua se impuso en un encuentro de 25 minutos, dominando los momentos decisivos del primer y tercer set, adem\u00e1s de mostrar amplia superioridad en el segundo parcial.<\/p>\n\n\n\n<p class=\"wp-block-paragraph\">Naranjo y D\u00edaz finalizaron el partido con ventaja de 38-27 en puntos totales, destac\u00e1ndose tambi\u00e9n en el servicio y en la reducci\u00f3n de errores. Durante el encuentro, ambas parejas solicitaron un tiempo muerto y el equipo dominicano recibi\u00f3 una tarjeta amarilla en el tramo final.<\/p>\n\n\n<div class=\"wp-block-image\">\n<figure class=\"aligncenter size-full\"><img loading=\"lazy\" decoding=\"async\" width=\"1280\" height=\"720\" src=\"https:\/\/images.panoramatv.com.do\/wp-content\/uploads\/2026\/08\/WhatsApp-Image-2026-08-05-at-7.39.52-PM.jpg\" alt=\"\" class=\"wp-image-21061\"\/><\/figure>\n<\/div>","protected":false},"excerpt":{"rendered":"<p>SANTO DOMINGO.\u2013 Los puertorrique\u00f1os \u00c1ngel Naranjo y Adriana D\u00edaz avanzaron este mi\u00e9rcoles a la final de dobles mixtos del torneo de tenis de mesa de los XXV Juegos Centroamericanos y del Caribe Santo Domingo 2026, al vencer 3-0 (14-12, 11-4 y 13-11) a los dominicanos Ram\u00f3n Vila y Eva Brito. La dupla boricua se impuso [&hellip;]<\/p>\n","protected":false},"author":1,"featured_media":21061,"comment_status":"open","ping_status":"open","sticky":false,"template":"","format":"standard","meta":{"_jetpack_memberships_contains_paid_content":false,"footnotes":"","jetpack_publicize_message":"","jetpack_publicize_feature_enabled":true,"jetpack_social_post_already_shared":true,"jetpack_social_options":{"image_generator_settings":{"template":"highway","enabled":false}}},"categories":[3728],"tags":[3717],"class_list":["post-21060","post","type-post","status-publish","format-standard","has-post-thumbnail","hentry","category-deportes","tag-juegos-centroamericanos-2026"],"jetpack_publicize_connections":[],"jetpack_sharing_enabled":true,"jetpack_featured_media_url":"https:\/\/images.panoramatv.com.do\/wp-content\/uploads\/2026\/08\/WhatsApp-Image-2026-08-05-at-7.39.52-PM.jpg","jetpack_likes_enabled":true,"jetpack-related-posts":[],"_links":{"self":[{"href":"https:\/\/panoramatv.com.do\/index.php\/wp-json\/wp\/v2\/posts\/21060","targetHints":{"allow":["GET"]}}],"collection":[{"href":"https:\/\/panoramatv.com.do\/index.php\/wp-json\/wp\/v2\/posts"}],"about":[{"href":"https:\/\/panoramatv.com.do\/index.php\/wp-json\/wp\/v2\/types\/post"}],"author":[{"embeddable":true,"href":"https:\/\/panoramatv.com.do\/index.php\/wp-json\/wp\/v2\/users\/1"}],"replies":[{"embeddable":true,"href":"https:\/\/panoramatv.com.do\/index.php\/wp-json\/wp\/v2\/comments?post=21060"}],"version-history":[{"count":1,"href":"https:\/\/panoramatv.com.do\/index.php\/wp-json\/wp\/v2\/posts\/21060\/revisions"}],"predecessor-version":[{"id":21062,"href":"https:\/\/panoramatv.com.do\/index.php\/wp-json\/wp\/v2\/posts\/21060\/revisions\/21062"}],"wp:featuredmedia":[{"embeddable":true,"href":"https:\/\/panoramatv.com.do\/index.php\/wp-json\/wp\/v2\/media\/21061"}],"wp:attachment":[{"href":"https:\/\/panoramatv.com.do\/index.php\/wp-json\/wp\/v2\/media?parent=21060"}],"wp:term":[{"taxonomy":"category","embeddable":true,"href":"https:\/\/panoramatv.com.do\/index.php\/wp-json\/wp\/v2\/categories?post=21060"},{"taxonomy":"post_tag","embeddable":true,"href":"https:\/\/panoramatv.com.do\/index.php\/wp-json\/wp\/v2\/tags?post=21060"}],"curies":[{"name":"wp","href":"https:\/\/api.w.org\/{rel}","templated":true}]}}