{"id":2106,"date":"2020-11-27T17:23:51","date_gmt":"2020-11-27T21:23:51","guid":{"rendered":"https:\/\/panoramatv.com.do\/?p=2106"},"modified":"2020-11-27T17:26:53","modified_gmt":"2020-11-27T21:26:53","slug":"alcaldia-de-miches-y-ministerio-de-cultura-ponen-en-funcionamiento-punto-de-lectura","status":"publish","type":"post","link":"https:\/\/panoramatv.com.do\/index.php\/2020\/11\/27\/alcaldia-de-miches-y-ministerio-de-cultura-ponen-en-funcionamiento-punto-de-lectura\/","title":{"rendered":"Alcald\u00eda de Miches y Ministerio de Cultura ponen en funcionamiento \u201cPunto de Lectura\u201d."},"content":{"rendered":"\n<p><strong>Miches, El Seibo<\/strong>.- La Alcald\u00eda de Miches, en colaboraci\u00f3n con el Ministerio de Cultura, la Direcci\u00f3n General del Libro y la Lectura y el Ministerio de Educaci\u00f3n, dejaron inaugurado el primer \u201cPunto de Lectura\u201d del pa\u00eds.<\/p>\n\n\n\n<p>En sus palabras de bienvenida, la alcaldesa de Miches, Luz Mar\u00eda Mercedes Cabrera agradeci\u00f3 al ministerio de cultura haberlos elegido para iniciar el proyecto. Ademas, asegur\u00f3 que este proyecto: \u201ccontar\u00e1 con todo el apoyo de la alcald\u00eda y sus municipes, trabajando hombro con hombro hasta lograr la meta\u201d.<\/p>\n\n\n\n<p>Adem\u00e1s precis\u00f3 que tiene la misi\u00f3n de convertir al municipio en \u201cun referente dentro de los 158 municipios de la republica dominicana.\u201d, expres\u00f3.<\/p>\n\n\n\n<p>El proyecto de \u201cPunto de Lectura\u201d, instalado en el parque municipal,&nbsp; se inscribe en los planes de la Direcci\u00f3n General del Libro y la Lectura, para fomentar la lectura y el libro en los distintos municipios del pa\u00eds.<\/p>\n\n\n\n<p>Como iniciativa, este s\u00e1bado y domingo se obsequiaran libros en el stand ubicado para tales fines, y a partir de esa fecha, se intercambiar\u00e1n.<\/p>\n\n\n\n<p>Adem\u00e1s el departamento de Arte y Cultura de la alcald\u00eda, inform\u00f3 que se desarrollar\u00e1n programas de lectura para tertulias literarias comunitarias.<\/p>\n\n\n\n<p>La actividad cont\u00f3 con la presencia de Basilio Belliard, director general de Libro y la Lectura; Lu\u00eds R. Santos, director de cultura del Ministerio de Educaci\u00f3n, Antoliano Peralta, Consultor jur\u00eddico del Poder Ejecutivo, entre otros funcionarios.<\/p>\n\n\n\n<p>La parte art\u00edstica estuvo a cargo del grupo de Atabales de Vicentillo y del ballet folcl\u00f3rico de Miches.<\/p>\n\n\n\n<figure class=\"wp-block-gallery columns-2 is-cropped wp-block-gallery-1 is-layout-flex wp-block-gallery-is-layout-flex\"><ul class=\"blocks-gallery-grid\"><li class=\"blocks-gallery-item\"><figure><img decoding=\"async\" src=\"https:\/\/images.panoramatv.com.do\/wp-content\/uploads\/2020\/11\/2-8-1024x768.jpg\" alt=\"\" data-id=\"2107\" data-full-url=\"https:\/\/images.panoramatv.com.do\/wp-content\/uploads\/2020\/11\/2-8.jpg\" data-link=\"https:\/\/panoramatv.com.do\/?attachment_id=2107\" class=\"wp-image-2107\"\/><\/figure><\/li><li class=\"blocks-gallery-item\"><figure><img decoding=\"async\" src=\"https:\/\/images.panoramatv.com.do\/wp-content\/uploads\/2020\/11\/1-25-1024x768.jpg\" alt=\"\" data-id=\"2108\" data-full-url=\"https:\/\/images.panoramatv.com.do\/wp-content\/uploads\/2020\/11\/1-25.jpg\" data-link=\"https:\/\/panoramatv.com.do\/?attachment_id=2108\" class=\"wp-image-2108\"\/><\/figure><\/li><\/ul><\/figure>\n","protected":false},"excerpt":{"rendered":"<p>Miches, El Seibo.- La Alcald\u00eda de Miches, en colaboraci\u00f3n con el Ministerio de Cultura, la Direcci\u00f3n General del Libro y la Lectura y el Ministerio de Educaci\u00f3n, dejaron inaugurado el primer \u201cPunto de Lectura\u201d del pa\u00eds. En sus palabras de bienvenida, la alcaldesa de Miches, Luz Mar\u00eda Mercedes Cabrera agradeci\u00f3 al ministerio de cultura haberlos [&hellip;]<\/p>\n","protected":false},"author":1,"featured_media":2107,"comment_status":"open","ping_status":"open","sticky":false,"template":"","format":"standard","meta":{"_jetpack_memberships_contains_paid_content":false,"footnotes":"","jetpack_publicize_message":"","jetpack_publicize_feature_enabled":true,"jetpack_social_post_already_shared":true,"jetpack_social_options":{"image_generator_settings":{"template":"highway","enabled":false}}},"categories":[10],"tags":[389,113],"class_list":["post-2106","post","type-post","status-publish","format-standard","has-post-thumbnail","hentry","category-panorama-social","tag-alcaldia-de-miches","tag-libro"],"jetpack_publicize_connections":[],"jetpack_sharing_enabled":true,"jetpack_featured_media_url":"https:\/\/panoramatv.com.do\/wp-content\/uploads\/2020\/11\/2-8.jpg","jetpack_likes_enabled":true,"jetpack-related-posts":[],"_links":{"self":[{"href":"https:\/\/panoramatv.com.do\/index.php\/wp-json\/wp\/v2\/posts\/2106","targetHints":{"allow":["GET"]}}],"collection":[{"href":"https:\/\/panoramatv.com.do\/index.php\/wp-json\/wp\/v2\/posts"}],"about":[{"href":"https:\/\/panoramatv.com.do\/index.php\/wp-json\/wp\/v2\/types\/post"}],"author":[{"embeddable":true,"href":"https:\/\/panoramatv.com.do\/index.php\/wp-json\/wp\/v2\/users\/1"}],"replies":[{"embeddable":true,"href":"https:\/\/panoramatv.com.do\/index.php\/wp-json\/wp\/v2\/comments?post=2106"}],"version-history":[{"count":0,"href":"https:\/\/panoramatv.com.do\/index.php\/wp-json\/wp\/v2\/posts\/2106\/revisions"}],"wp:featuredmedia":[{"embeddable":true,"href":"https:\/\/panoramatv.com.do\/index.php\/wp-json\/wp\/v2\/media\/2107"}],"wp:attachment":[{"href":"https:\/\/panoramatv.com.do\/index.php\/wp-json\/wp\/v2\/media?parent=2106"}],"wp:term":[{"taxonomy":"category","embeddable":true,"href":"https:\/\/panoramatv.com.do\/index.php\/wp-json\/wp\/v2\/categories?post=2106"},{"taxonomy":"post_tag","embeddable":true,"href":"https:\/\/panoramatv.com.do\/index.php\/wp-json\/wp\/v2\/tags?post=2106"}],"curies":[{"name":"wp","href":"https:\/\/api.w.org\/{rel}","templated":true}]}}