{"id":21057,"date":"2026-08-06T08:59:45","date_gmt":"2026-08-06T12:59:45","guid":{"rendered":"https:\/\/panoramatv.com.do\/?p=21057"},"modified":"2026-08-06T08:59:48","modified_gmt":"2026-08-06T12:59:48","slug":"mexico-conquista-su-segundo-oro-en-el-inicio-de-la-natacion-artistica","status":"publish","type":"post","link":"https:\/\/panoramatv.com.do\/index.php\/2026\/08\/06\/mexico-conquista-su-segundo-oro-en-el-inicio-de-la-natacion-artistica\/","title":{"rendered":"M\u00e9xico conquista su segundo oro en el inicio de la nataci\u00f3n art\u00edstica"},"content":{"rendered":"\n<p class=\"wp-block-paragraph\">SANTO DOMINGO.\u2013 M\u00e9xico obtuvo este mi\u00e9rcoles su segunda medalla de oro en el inicio de las competencias de nataci\u00f3n art\u00edstica de los XXV Juegos Centroamericanos y del Caribe Santo Domingo 2026, al imponerse en la prueba de equipo mixto t\u00e9cnico.<\/p>\n\n\n\n<p class=\"wp-block-paragraph\">El conjunto mexicano, integrado por ocho atletas, alcanz\u00f3 una puntuaci\u00f3n de 266.0925 para quedarse con el primer lugar. Colombia obtuvo la medalla de plata con 235.3117 puntos, mientras que Aruba complet\u00f3 el podio con el bronce al sumar 206.7625 unidades.<\/p>\n\n\n\n<p class=\"wp-block-paragraph\">El Salvador finaliz\u00f3 en la cuarta posici\u00f3n con 198.6075 puntos y la Rep\u00fablica Dominicana ocup\u00f3 el quinto lugar con 97.6517. Las competencias de nataci\u00f3n art\u00edstica continuar\u00e1n este jueves y viernes en jornadas de ma\u00f1ana y tarde, y concluir\u00e1n el s\u00e1bado con la \u00faltima final.<\/p>\n\n\n<div class=\"wp-block-image\">\n<figure class=\"aligncenter size-full\"><img loading=\"lazy\" decoding=\"async\" width=\"1280\" height=\"715\" src=\"https:\/\/images.panoramatv.com.do\/wp-content\/uploads\/2026\/08\/MEXICO-ORO.jpg\" alt=\"\" class=\"wp-image-21058\"\/><\/figure>\n<\/div>","protected":false},"excerpt":{"rendered":"<p>SANTO DOMINGO.\u2013 M\u00e9xico obtuvo este mi\u00e9rcoles su segunda medalla de oro en el inicio de las competencias de nataci\u00f3n art\u00edstica de los XXV Juegos Centroamericanos y del Caribe Santo Domingo 2026, al imponerse en la prueba de equipo mixto t\u00e9cnico. El conjunto mexicano, integrado por ocho atletas, alcanz\u00f3 una puntuaci\u00f3n de 266.0925 para quedarse con [&hellip;]<\/p>\n","protected":false},"author":1,"featured_media":21058,"comment_status":"open","ping_status":"open","sticky":false,"template":"","format":"standard","meta":{"_jetpack_memberships_contains_paid_content":false,"footnotes":"","jetpack_publicize_message":"","jetpack_publicize_feature_enabled":true,"jetpack_social_post_already_shared":true,"jetpack_social_options":{"image_generator_settings":{"template":"highway","enabled":false}}},"categories":[3728],"tags":[3717],"class_list":["post-21057","post","type-post","status-publish","format-standard","has-post-thumbnail","hentry","category-deportes","tag-juegos-centroamericanos-2026"],"jetpack_publicize_connections":[],"jetpack_sharing_enabled":true,"jetpack_featured_media_url":"https:\/\/images.panoramatv.com.do\/wp-content\/uploads\/2026\/08\/MEXICO-ORO.jpg","jetpack_likes_enabled":true,"jetpack-related-posts":[],"_links":{"self":[{"href":"https:\/\/panoramatv.com.do\/index.php\/wp-json\/wp\/v2\/posts\/21057","targetHints":{"allow":["GET"]}}],"collection":[{"href":"https:\/\/panoramatv.com.do\/index.php\/wp-json\/wp\/v2\/posts"}],"about":[{"href":"https:\/\/panoramatv.com.do\/index.php\/wp-json\/wp\/v2\/types\/post"}],"author":[{"embeddable":true,"href":"https:\/\/panoramatv.com.do\/index.php\/wp-json\/wp\/v2\/users\/1"}],"replies":[{"embeddable":true,"href":"https:\/\/panoramatv.com.do\/index.php\/wp-json\/wp\/v2\/comments?post=21057"}],"version-history":[{"count":1,"href":"https:\/\/panoramatv.com.do\/index.php\/wp-json\/wp\/v2\/posts\/21057\/revisions"}],"predecessor-version":[{"id":21059,"href":"https:\/\/panoramatv.com.do\/index.php\/wp-json\/wp\/v2\/posts\/21057\/revisions\/21059"}],"wp:featuredmedia":[{"embeddable":true,"href":"https:\/\/panoramatv.com.do\/index.php\/wp-json\/wp\/v2\/media\/21058"}],"wp:attachment":[{"href":"https:\/\/panoramatv.com.do\/index.php\/wp-json\/wp\/v2\/media?parent=21057"}],"wp:term":[{"taxonomy":"category","embeddable":true,"href":"https:\/\/panoramatv.com.do\/index.php\/wp-json\/wp\/v2\/categories?post=21057"},{"taxonomy":"post_tag","embeddable":true,"href":"https:\/\/panoramatv.com.do\/index.php\/wp-json\/wp\/v2\/tags?post=21057"}],"curies":[{"name":"wp","href":"https:\/\/api.w.org\/{rel}","templated":true}]}}