{"id":21054,"date":"2026-08-06T08:58:29","date_gmt":"2026-08-06T12:58:29","guid":{"rendered":"https:\/\/panoramatv.com.do\/?p=21054"},"modified":"2026-08-06T08:58:33","modified_gmt":"2026-08-06T12:58:33","slug":"republica-dominicana-conquista-dos-oros-en-kata-del-karate","status":"publish","type":"post","link":"https:\/\/panoramatv.com.do\/index.php\/2026\/08\/06\/republica-dominicana-conquista-dos-oros-en-kata-del-karate\/","title":{"rendered":"Rep\u00fablica Dominicana conquista dos oros en kata del karate"},"content":{"rendered":"\n<p class=\"wp-block-paragraph\">SANTO DOMINGO.\u2013 La Rep\u00fablica Dominicana domin\u00f3 la modalidad de kata del torneo de karate de los XXV Juegos Centroamericanos y del Caribe Santo Domingo 2026 al conquistar las dos medallas de oro disputadas en la especialidad.<\/p>\n\n\n\n<p class=\"wp-block-paragraph\">En la rama femenina, Mar\u00eda Dimitrova venci\u00f3 5-0 a la colombiana Valentina Zapata para obtener su sexto oro consecutivo en unos Juegos Centroamericanos y del Caribe, una racha que inici\u00f3 en Cartagena de Indias 2006. El bronce fue para la venezolana Daniela Garc\u00eda, tras superar 5-0 a la mexicana Yaneth Quiroz.<\/p>\n\n\n\n<p class=\"wp-block-paragraph\">En masculino, Larry Aracena se proclam\u00f3 campe\u00f3n al derrotar 3-2 al guatemalteco Fernando Calder\u00f3n en una re\u00f1ida final. La medalla de bronce qued\u00f3 en manos del colombiano Hern\u00e1n Amaya, quien se impuso 3-2 al puertorrique\u00f1o \u00c1ngel Cancel.<\/p>\n\n\n<div class=\"wp-block-image\">\n<figure class=\"aligncenter size-full\"><img loading=\"lazy\" decoding=\"async\" width=\"1280\" height=\"891\" src=\"https:\/\/images.panoramatv.com.do\/wp-content\/uploads\/2026\/08\/DIMITROVA7.jpg\" alt=\"\" class=\"wp-image-21055\"\/><\/figure>\n<\/div>","protected":false},"excerpt":{"rendered":"<p>SANTO DOMINGO.\u2013 La Rep\u00fablica Dominicana domin\u00f3 la modalidad de kata del torneo de karate de los XXV Juegos Centroamericanos y del Caribe Santo Domingo 2026 al conquistar las dos medallas de oro disputadas en la especialidad. En la rama femenina, Mar\u00eda Dimitrova venci\u00f3 5-0 a la colombiana Valentina Zapata para obtener su sexto oro consecutivo [&hellip;]<\/p>\n","protected":false},"author":1,"featured_media":21055,"comment_status":"open","ping_status":"open","sticky":false,"template":"","format":"standard","meta":{"_jetpack_memberships_contains_paid_content":false,"footnotes":"","jetpack_publicize_message":"","jetpack_publicize_feature_enabled":true,"jetpack_social_post_already_shared":true,"jetpack_social_options":{"image_generator_settings":{"template":"highway","enabled":false}}},"categories":[3728],"tags":[3717],"class_list":["post-21054","post","type-post","status-publish","format-standard","has-post-thumbnail","hentry","category-deportes","tag-juegos-centroamericanos-2026"],"jetpack_publicize_connections":[],"jetpack_sharing_enabled":true,"jetpack_featured_media_url":"https:\/\/images.panoramatv.com.do\/wp-content\/uploads\/2026\/08\/DIMITROVA7.jpg","jetpack_likes_enabled":true,"jetpack-related-posts":[],"_links":{"self":[{"href":"https:\/\/panoramatv.com.do\/index.php\/wp-json\/wp\/v2\/posts\/21054","targetHints":{"allow":["GET"]}}],"collection":[{"href":"https:\/\/panoramatv.com.do\/index.php\/wp-json\/wp\/v2\/posts"}],"about":[{"href":"https:\/\/panoramatv.com.do\/index.php\/wp-json\/wp\/v2\/types\/post"}],"author":[{"embeddable":true,"href":"https:\/\/panoramatv.com.do\/index.php\/wp-json\/wp\/v2\/users\/1"}],"replies":[{"embeddable":true,"href":"https:\/\/panoramatv.com.do\/index.php\/wp-json\/wp\/v2\/comments?post=21054"}],"version-history":[{"count":1,"href":"https:\/\/panoramatv.com.do\/index.php\/wp-json\/wp\/v2\/posts\/21054\/revisions"}],"predecessor-version":[{"id":21056,"href":"https:\/\/panoramatv.com.do\/index.php\/wp-json\/wp\/v2\/posts\/21054\/revisions\/21056"}],"wp:featuredmedia":[{"embeddable":true,"href":"https:\/\/panoramatv.com.do\/index.php\/wp-json\/wp\/v2\/media\/21055"}],"wp:attachment":[{"href":"https:\/\/panoramatv.com.do\/index.php\/wp-json\/wp\/v2\/media?parent=21054"}],"wp:term":[{"taxonomy":"category","embeddable":true,"href":"https:\/\/panoramatv.com.do\/index.php\/wp-json\/wp\/v2\/categories?post=21054"},{"taxonomy":"post_tag","embeddable":true,"href":"https:\/\/panoramatv.com.do\/index.php\/wp-json\/wp\/v2\/tags?post=21054"}],"curies":[{"name":"wp","href":"https:\/\/api.w.org\/{rel}","templated":true}]}}