{"id":21051,"date":"2026-08-06T08:57:24","date_gmt":"2026-08-06T12:57:24","guid":{"rendered":"https:\/\/panoramatv.com.do\/?p=21051"},"modified":"2026-08-06T08:57:28","modified_gmt":"2026-08-06T12:57:28","slug":"brandon-romo-conquista-el-oro-en-sable-individual-masculino","status":"publish","type":"post","link":"https:\/\/panoramatv.com.do\/index.php\/2026\/08\/06\/brandon-romo-conquista-el-oro-en-sable-individual-masculino\/","title":{"rendered":"Brandon Romo conquista el oro en sable individual masculino"},"content":{"rendered":"\n<p class=\"wp-block-paragraph\">SANTO DOMINGO.\u2013 El mexicano Brandon Romo se adjudic\u00f3 este mi\u00e9rcoles la medalla de oro en el sable individual masculino de los XXV Juegos Centroamericanos y del Caribe Santo Domingo 2026, tras derrotar 15-8 al venezolano Sim\u00f3n Dur\u00e1n en la final disputada en el Pabell\u00f3n de Esgrima Juan Pablo Duarte.<\/p>\n\n\n\n<p class=\"wp-block-paragraph\">Romo domin\u00f3 el combate de principio a fin, cerrando el primer per\u00edodo con ventaja de 8-3 y manteniendo el control del asalto hasta asegurar el triunfo con un s\u00f3lido desempe\u00f1o.<\/p>\n\n\n\n<p class=\"wp-block-paragraph\">Durante la final, ambos esgrimistas recibieron una tarjeta amarilla por pasividad, en el \u00fanico incidente disciplinario del encuentro. Con esta victoria, Romo suma una nueva medalla de oro para M\u00e9xico en la esgrima.<\/p>\n\n\n<div class=\"wp-block-image\">\n<figure class=\"aligncenter size-full\"><img loading=\"lazy\" decoding=\"async\" width=\"1104\" height=\"753\" src=\"https:\/\/images.panoramatv.com.do\/wp-content\/uploads\/2026\/08\/WhatsApp-Image-2026-08-05-at-7.10.18-PM.jpg\" alt=\"\" class=\"wp-image-21052\"\/><\/figure>\n<\/div>","protected":false},"excerpt":{"rendered":"<p>SANTO DOMINGO.\u2013 El mexicano Brandon Romo se adjudic\u00f3 este mi\u00e9rcoles la medalla de oro en el sable individual masculino de los XXV Juegos Centroamericanos y del Caribe Santo Domingo 2026, tras derrotar 15-8 al venezolano Sim\u00f3n Dur\u00e1n en la final disputada en el Pabell\u00f3n de Esgrima Juan Pablo Duarte. Romo domin\u00f3 el combate de principio [&hellip;]<\/p>\n","protected":false},"author":1,"featured_media":21052,"comment_status":"open","ping_status":"open","sticky":false,"template":"","format":"standard","meta":{"_jetpack_memberships_contains_paid_content":false,"footnotes":"","jetpack_publicize_message":"","jetpack_publicize_feature_enabled":true,"jetpack_social_post_already_shared":true,"jetpack_social_options":{"image_generator_settings":{"template":"highway","enabled":false}}},"categories":[3728],"tags":[3717],"class_list":["post-21051","post","type-post","status-publish","format-standard","has-post-thumbnail","hentry","category-deportes","tag-juegos-centroamericanos-2026"],"jetpack_publicize_connections":[],"jetpack_sharing_enabled":true,"jetpack_featured_media_url":"https:\/\/images.panoramatv.com.do\/wp-content\/uploads\/2026\/08\/WhatsApp-Image-2026-08-05-at-7.10.18-PM.jpg","jetpack_likes_enabled":true,"jetpack-related-posts":[],"_links":{"self":[{"href":"https:\/\/panoramatv.com.do\/index.php\/wp-json\/wp\/v2\/posts\/21051","targetHints":{"allow":["GET"]}}],"collection":[{"href":"https:\/\/panoramatv.com.do\/index.php\/wp-json\/wp\/v2\/posts"}],"about":[{"href":"https:\/\/panoramatv.com.do\/index.php\/wp-json\/wp\/v2\/types\/post"}],"author":[{"embeddable":true,"href":"https:\/\/panoramatv.com.do\/index.php\/wp-json\/wp\/v2\/users\/1"}],"replies":[{"embeddable":true,"href":"https:\/\/panoramatv.com.do\/index.php\/wp-json\/wp\/v2\/comments?post=21051"}],"version-history":[{"count":1,"href":"https:\/\/panoramatv.com.do\/index.php\/wp-json\/wp\/v2\/posts\/21051\/revisions"}],"predecessor-version":[{"id":21053,"href":"https:\/\/panoramatv.com.do\/index.php\/wp-json\/wp\/v2\/posts\/21051\/revisions\/21053"}],"wp:featuredmedia":[{"embeddable":true,"href":"https:\/\/panoramatv.com.do\/index.php\/wp-json\/wp\/v2\/media\/21052"}],"wp:attachment":[{"href":"https:\/\/panoramatv.com.do\/index.php\/wp-json\/wp\/v2\/media?parent=21051"}],"wp:term":[{"taxonomy":"category","embeddable":true,"href":"https:\/\/panoramatv.com.do\/index.php\/wp-json\/wp\/v2\/categories?post=21051"},{"taxonomy":"post_tag","embeddable":true,"href":"https:\/\/panoramatv.com.do\/index.php\/wp-json\/wp\/v2\/tags?post=21051"}],"curies":[{"name":"wp","href":"https:\/\/api.w.org\/{rel}","templated":true}]}}