{"id":21041,"date":"2026-08-06T08:47:10","date_gmt":"2026-08-06T12:47:10","guid":{"rendered":"https:\/\/panoramatv.com.do\/?p=21041"},"modified":"2026-08-06T08:47:15","modified_gmt":"2026-08-06T12:47:15","slug":"otto-onate-impone-record-y-gana-el-oro-luis-garcia-obtiene-plata","status":"publish","type":"post","link":"https:\/\/panoramatv.com.do\/index.php\/2026\/08\/06\/otto-onate-impone-record-y-gana-el-oro-luis-garcia-obtiene-plata\/","title":{"rendered":"Otto O\u00f1ate impone r\u00e9cord y gana el oro; Luis Garc\u00eda obtiene plata"},"content":{"rendered":"\n<p class=\"wp-block-paragraph\">SANTO DOMINGO.\u2013 El cubano Otto O\u00f1ate conquist\u00f3 este mi\u00e9rcoles la medalla de oro en la categor\u00eda de los 60 kilogramos masculinos de halterofilia de los XXV Juegos Centroamericanos y del Caribe Santo Domingo 2026, al establecer un nuevo r\u00e9cord regional con un levantamiento de 158 kilogramos en envi\u00f3n.<\/p>\n\n\n\n<p class=\"wp-block-paragraph\">El dominicano Luis Garc\u00eda se qued\u00f3 con la medalla de plata al levantar 153 kilogramos, mientras que el bronce fue para Duv\u00e1n Ferrer, con un registro de 146 kilos.<\/p>\n\n\n\n<p class=\"wp-block-paragraph\">Tras la competencia, O\u00f1ate confes\u00f3 que no esperaba alcanzar la marca r\u00e9cord. \u201cNo estaba preparado para levantar los 158\u201d, expres\u00f3 en la rueda de prensa, luego de sumar el oro en envi\u00f3n a la plata obtenida en arranque.<\/p>\n\n\n<div class=\"wp-block-image\">\n<figure class=\"aligncenter size-full\"><img loading=\"lazy\" decoding=\"async\" width=\"2560\" height=\"1711\" src=\"https:\/\/images.panoramatv.com.do\/wp-content\/uploads\/2026\/08\/Cuba-Onate-scaled-1-1.jpg\" alt=\"\" class=\"wp-image-21043\"\/><\/figure>\n<\/div>","protected":false},"excerpt":{"rendered":"<p>SANTO DOMINGO.\u2013 El cubano Otto O\u00f1ate conquist\u00f3 este mi\u00e9rcoles la medalla de oro en la categor\u00eda de los 60 kilogramos masculinos de halterofilia de los XXV Juegos Centroamericanos y del Caribe Santo Domingo 2026, al establecer un nuevo r\u00e9cord regional con un levantamiento de 158 kilogramos en envi\u00f3n. El dominicano Luis Garc\u00eda se qued\u00f3 con [&hellip;]<\/p>\n","protected":false},"author":1,"featured_media":0,"comment_status":"open","ping_status":"open","sticky":false,"template":"","format":"standard","meta":{"_jetpack_memberships_contains_paid_content":false,"footnotes":"","jetpack_publicize_message":"","jetpack_publicize_feature_enabled":true,"jetpack_social_post_already_shared":true,"jetpack_social_options":{"image_generator_settings":{"template":"highway","enabled":false}}},"categories":[3728],"tags":[3717],"class_list":["post-21041","post","type-post","status-publish","format-standard","hentry","category-deportes","tag-juegos-centroamericanos-2026"],"jetpack_publicize_connections":[],"jetpack_sharing_enabled":true,"jetpack_featured_media_url":"","jetpack_likes_enabled":true,"jetpack-related-posts":[],"_links":{"self":[{"href":"https:\/\/panoramatv.com.do\/index.php\/wp-json\/wp\/v2\/posts\/21041","targetHints":{"allow":["GET"]}}],"collection":[{"href":"https:\/\/panoramatv.com.do\/index.php\/wp-json\/wp\/v2\/posts"}],"about":[{"href":"https:\/\/panoramatv.com.do\/index.php\/wp-json\/wp\/v2\/types\/post"}],"author":[{"embeddable":true,"href":"https:\/\/panoramatv.com.do\/index.php\/wp-json\/wp\/v2\/users\/1"}],"replies":[{"embeddable":true,"href":"https:\/\/panoramatv.com.do\/index.php\/wp-json\/wp\/v2\/comments?post=21041"}],"version-history":[{"count":1,"href":"https:\/\/panoramatv.com.do\/index.php\/wp-json\/wp\/v2\/posts\/21041\/revisions"}],"predecessor-version":[{"id":21044,"href":"https:\/\/panoramatv.com.do\/index.php\/wp-json\/wp\/v2\/posts\/21041\/revisions\/21044"}],"wp:attachment":[{"href":"https:\/\/panoramatv.com.do\/index.php\/wp-json\/wp\/v2\/media?parent=21041"}],"wp:term":[{"taxonomy":"category","embeddable":true,"href":"https:\/\/panoramatv.com.do\/index.php\/wp-json\/wp\/v2\/categories?post=21041"},{"taxonomy":"post_tag","embeddable":true,"href":"https:\/\/panoramatv.com.do\/index.php\/wp-json\/wp\/v2\/tags?post=21041"}],"curies":[{"name":"wp","href":"https:\/\/api.w.org\/{rel}","templated":true}]}}